{"id":1033,"date":"2024-10-11T07:56:03","date_gmt":"2024-10-11T07:56:03","guid":{"rendered":"https:\/\/zoldfas.hu\/?p=1033"},"modified":"2024-10-11T10:03:16","modified_gmt":"2024-10-11T10:03:16","slug":"novemberi-csendes-lelkigyakorlat-2024-11-15-17","status":"publish","type":"post","link":"https:\/\/zoldfas.hu\/?p=1033","title":{"rendered":"Novemberi csendes lelkigyakorlat 2024"},"content":{"rendered":"\n<p><strong>\u201eUram, tan\u00edts meg minket im\u00e1dkozni\u2026\u201d (Lk11,1)<\/strong><\/p>\n\n\n\n<p>Mivel az okt\u00f3ber v\u00e9gi lelkigyakorlatunkra m\u00e1r elfogytak a helyek, ez\u00e9rt <strong>novemberre<\/strong> is nyitunk alkalmat az elvonul\u00e1s ut\u00e1n \u00e9rdekl\u0151d\u0151k sz\u00e1m\u00e1ra.<br>A novemberi alkalom &#8211; hasonl\u00f3an az okt\u00f3berihez &#8211; 3 napos, kis l\u00e9tsz\u00e1m\u00fa (max. 12 f\u0151) \u00e9s <strong>2024.11.15-17<\/strong> k\u00f6z\u00f6tt ker\u00fcl megrendez\u00e9sre. Ver\u00e9b L\u00e1szl\u00f3 atya (Szent Gell\u00e9rt szemin\u00e1rium spiritu\u00e1lisa) \u00e9s Czak\u00f3 \u00c1gnes n\u0151v\u00e9r (Seg\u00edt\u0151 N\u0151v\u00e9rek Kongreg\u00e1ci\u00f3ja) fogja vezetni \u00e9s szint\u00e9n a <strong>silentium <\/strong>jegy\u00e9ben fog zajlani.<\/p>\n\n\n\n<p><strong>R\u00e9szv\u00e9teli d\u00edj:<\/strong><br>25.000 Ft \/ f\u0151 \/ 2 \u00e9j<br>A d\u00edj tartalmazza a lelkigyakorlaton val\u00f3 r\u00e9szv\u00e9telt, sz\u00e1ll\u00e1st 2 \u00e9jszak\u00e1ra, \u00e1gynem\u0171haszn\u00e1latot \u00e9s napi h\u00e1romszori \u00e9tkez\u00e9st 1 f\u0151 r\u00e9sz\u00e9re.<br><br><strong>Helysz\u00edn:<\/strong><br>Z\u00f6ldf\u00e1s Lelkigyakorlatos H\u00e1z<br><br><strong>\u00c9rdekl\u0151dni \u00e9s jelentkezni az al\u00e1bbi el\u00e9rhet\u0151s\u00e9geken lehets\u00e9ges:<\/strong><br>-&gt; info@zoldfas.hu<br>-&gt; +36-20\/341-8334<\/p>\n\n\n\n<p>&nbsp;<\/p>\n","protected":false},"excerpt":{"rendered":"<p>\u201eUram, tan\u00edts meg minket im\u00e1dkozni\u2026\u201d (Lk11,1) Mivel az okt\u00f3ber v\u00e9gi lelkigyakorlatunkra m\u00e1r elfogytak a helyek, ez\u00e9rt novemberre is nyitunk alkalmat az elvonul\u00e1s ut\u00e1n \u00e9rdekl\u0151d\u0151k sz\u00e1m\u00e1ra.A novemberi alkalom &#8211; hasonl\u00f3an az okt\u00f3berihez &#8211; 3 napos, kis l\u00e9tsz\u00e1m\u00fa (max. 12 f\u0151) \u00e9s 2024.11.15-17 k\u00f6z\u00f6tt ker\u00fcl megrendez\u00e9sre. Ver\u00e9b L\u00e1szl\u00f3 atya (Szent Gell\u00e9rt szemin\u00e1rium spiritu\u00e1lisa) \u00e9s Czak\u00f3 \u00c1gnes n\u0151v\u00e9r&hellip; <br \/> <a class=\"read-more\" href=\"https:\/\/zoldfas.hu\/?p=1033\">Read more<\/a><\/p>\n","protected":false},"author":1,"featured_media":1025,"comment_status":"closed","ping_status":"closed","sticky":false,"template":"","format":"standard","meta":{"ngg_post_thumbnail":0,"footnotes":""},"categories":[1],"tags":[6,7,3],"class_list":["post-1033","post","type-post","status-publish","format-standard","has-post-thumbnail","hentry","category-uncategorized","tag-elvonulas","tag-ima","tag-lelkigyakorlat"],"yoast_head":"<!-- This site is optimized with the Yoast SEO plugin v27.5 - https:\/\/yoast.com\/product\/yoast-seo-wordpress\/ -->\n<title>Novemberi csendes lelkigyakorlat 2024 - Z\u00f6ldf\u00e1s Lelkigyakorlatos H\u00e1z \u00e9s Ifj\u00fas\u00e1gi T\u00e1borhelysz\u00edn<\/title>\n<meta name=\"robots\" content=\"index, follow, max-snippet:-1, max-image-preview:large, max-video-preview:-1\" \/>\n<link rel=\"canonical\" href=\"https:\/\/zoldfas.hu\/?p=1033\" \/>\n<meta property=\"og:locale\" content=\"hu_HU\" \/>\n<meta property=\"og:type\" content=\"article\" \/>\n<meta property=\"og:title\" content=\"Novemberi csendes lelkigyakorlat 2024 - Z\u00f6ldf\u00e1s Lelkigyakorlatos H\u00e1z \u00e9s Ifj\u00fas\u00e1gi T\u00e1borhelysz\u00edn\" \/>\n<meta property=\"og:description\" content=\"\u201eUram, tan\u00edts meg minket im\u00e1dkozni\u2026\u201d (Lk11,1) Mivel az okt\u00f3ber v\u00e9gi lelkigyakorlatunkra m\u00e1r elfogytak a helyek, ez\u00e9rt novemberre is nyitunk alkalmat az elvonul\u00e1s ut\u00e1n \u00e9rdekl\u0151d\u0151k sz\u00e1m\u00e1ra.A novemberi alkalom &#8211; hasonl\u00f3an az okt\u00f3berihez &#8211; 3 napos, kis l\u00e9tsz\u00e1m\u00fa (max. 12 f\u0151) \u00e9s 2024.11.15-17 k\u00f6z\u00f6tt ker\u00fcl megrendez\u00e9sre. Ver\u00e9b L\u00e1szl\u00f3 atya (Szent Gell\u00e9rt szemin\u00e1rium spiritu\u00e1lisa) \u00e9s Czak\u00f3 \u00c1gnes n\u0151v\u00e9r&hellip; Read more\" \/>\n<meta property=\"og:url\" content=\"https:\/\/zoldfas.hu\/?p=1033\" \/>\n<meta property=\"og:site_name\" content=\"Z\u00f6ldf\u00e1s Lelkigyakorlatos H\u00e1z \u00e9s Ifj\u00fas\u00e1gi T\u00e1borhelysz\u00edn\" \/>\n<meta property=\"article:publisher\" content=\"https:\/\/www.facebook.com\/zoldfas\" \/>\n<meta property=\"article:published_time\" content=\"2024-10-11T07:56:03+00:00\" \/>\n<meta property=\"article:modified_time\" content=\"2024-10-11T10:03:16+00:00\" \/>\n<meta property=\"og:image\" content=\"https:\/\/zoldfas.hu\/wp-content\/uploads\/2024\/08\/Novemberi-lelkigyakorlat-Zoldfas.png\" \/>\n\t<meta property=\"og:image:width\" content=\"1414\" \/>\n\t<meta property=\"og:image:height\" content=\"2000\" \/>\n\t<meta property=\"og:image:type\" content=\"image\/png\" \/>\n<meta name=\"author\" content=\"admin\" \/>\n<meta name=\"twitter:card\" content=\"summary_large_image\" \/>\n<meta name=\"twitter:label1\" content=\"Szerz\u0151:\" \/>\n\t<meta name=\"twitter:data1\" content=\"admin\" \/>\n\t<meta name=\"twitter:label2\" content=\"Becs\u00fclt olvas\u00e1si id\u0151\" \/>\n\t<meta name=\"twitter:data2\" content=\"1 perc\" \/>\n<script type=\"application\/ld+json\" class=\"yoast-schema-graph\">{\"@context\":\"https:\\\/\\\/schema.org\",\"@graph\":[{\"@type\":\"Article\",\"@id\":\"https:\\\/\\\/zoldfas.hu\\\/?p=1033#article\",\"isPartOf\":{\"@id\":\"https:\\\/\\\/zoldfas.hu\\\/?p=1033\"},\"author\":{\"name\":\"admin\",\"@id\":\"https:\\\/\\\/zoldfas.hu\\\/#\\\/schema\\\/person\\\/267150d2e65a8ef1e4c679f526092f7c\"},\"headline\":\"Novemberi csendes lelkigyakorlat 2024\",\"datePublished\":\"2024-10-11T07:56:03+00:00\",\"dateModified\":\"2024-10-11T10:03:16+00:00\",\"mainEntityOfPage\":{\"@id\":\"https:\\\/\\\/zoldfas.hu\\\/?p=1033\"},\"wordCount\":168,\"publisher\":{\"@id\":\"https:\\\/\\\/zoldfas.hu\\\/#organization\"},\"image\":{\"@id\":\"https:\\\/\\\/zoldfas.hu\\\/?p=1033#primaryimage\"},\"thumbnailUrl\":\"https:\\\/\\\/zoldfas.hu\\\/wp-content\\\/uploads\\\/2024\\\/08\\\/Novemberi-lelkigyakorlat-Zoldfas.png\",\"keywords\":[\"elvonul\u00e1s\",\"ima\",\"lelkigyakorlat\"],\"articleSection\":[\"Uncategorized\"],\"inLanguage\":\"hu\"},{\"@type\":\"WebPage\",\"@id\":\"https:\\\/\\\/zoldfas.hu\\\/?p=1033\",\"url\":\"https:\\\/\\\/zoldfas.hu\\\/?p=1033\",\"name\":\"Novemberi csendes lelkigyakorlat 2024 - Z\u00f6ldf\u00e1s Lelkigyakorlatos H\u00e1z \u00e9s Ifj\u00fas\u00e1gi T\u00e1borhelysz\u00edn\",\"isPartOf\":{\"@id\":\"https:\\\/\\\/zoldfas.hu\\\/#website\"},\"primaryImageOfPage\":{\"@id\":\"https:\\\/\\\/zoldfas.hu\\\/?p=1033#primaryimage\"},\"image\":{\"@id\":\"https:\\\/\\\/zoldfas.hu\\\/?p=1033#primaryimage\"},\"thumbnailUrl\":\"https:\\\/\\\/zoldfas.hu\\\/wp-content\\\/uploads\\\/2024\\\/08\\\/Novemberi-lelkigyakorlat-Zoldfas.png\",\"datePublished\":\"2024-10-11T07:56:03+00:00\",\"dateModified\":\"2024-10-11T10:03:16+00:00\",\"breadcrumb\":{\"@id\":\"https:\\\/\\\/zoldfas.hu\\\/?p=1033#breadcrumb\"},\"inLanguage\":\"hu\",\"potentialAction\":[{\"@type\":\"ReadAction\",\"target\":[\"https:\\\/\\\/zoldfas.hu\\\/?p=1033\"]}]},{\"@type\":\"ImageObject\",\"inLanguage\":\"hu\",\"@id\":\"https:\\\/\\\/zoldfas.hu\\\/?p=1033#primaryimage\",\"url\":\"https:\\\/\\\/zoldfas.hu\\\/wp-content\\\/uploads\\\/2024\\\/08\\\/Novemberi-lelkigyakorlat-Zoldfas.png\",\"contentUrl\":\"https:\\\/\\\/zoldfas.hu\\\/wp-content\\\/uploads\\\/2024\\\/08\\\/Novemberi-lelkigyakorlat-Zoldfas.png\",\"width\":1414,\"height\":2000},{\"@type\":\"BreadcrumbList\",\"@id\":\"https:\\\/\\\/zoldfas.hu\\\/?p=1033#breadcrumb\",\"itemListElement\":[{\"@type\":\"ListItem\",\"position\":1,\"name\":\"Kezd\u0151lap\",\"item\":\"https:\\\/\\\/zoldfas.hu\\\/\"},{\"@type\":\"ListItem\",\"position\":2,\"name\":\"Novemberi csendes lelkigyakorlat 2024\"}]},{\"@type\":\"WebSite\",\"@id\":\"https:\\\/\\\/zoldfas.hu\\\/#website\",\"url\":\"https:\\\/\\\/zoldfas.hu\\\/\",\"name\":\"Z\u00f6ldf\u00e1s\",\"description\":\"Z\u00f6ldf\u00e1s Lelkigyakorlatos H\u00e1z \u00e9s Ifj\u00fas\u00e1gi T\u00e1borhelysz\u00edn\",\"publisher\":{\"@id\":\"https:\\\/\\\/zoldfas.hu\\\/#organization\"},\"potentialAction\":[{\"@type\":\"SearchAction\",\"target\":{\"@type\":\"EntryPoint\",\"urlTemplate\":\"https:\\\/\\\/zoldfas.hu\\\/?s={search_term_string}\"},\"query-input\":{\"@type\":\"PropertyValueSpecification\",\"valueRequired\":true,\"valueName\":\"search_term_string\"}}],\"inLanguage\":\"hu\"},{\"@type\":\"Organization\",\"@id\":\"https:\\\/\\\/zoldfas.hu\\\/#organization\",\"name\":\"SZEKI\",\"url\":\"https:\\\/\\\/zoldfas.hu\\\/\",\"logo\":{\"@type\":\"ImageObject\",\"inLanguage\":\"hu\",\"@id\":\"https:\\\/\\\/zoldfas.hu\\\/#\\\/schema\\\/logo\\\/image\\\/\",\"url\":\"https:\\\/\\\/zoldfas.hu\\\/wp-content\\\/uploads\\\/2024\\\/03\\\/kateklogo-2023_logo-1.png\",\"contentUrl\":\"https:\\\/\\\/zoldfas.hu\\\/wp-content\\\/uploads\\\/2024\\\/03\\\/kateklogo-2023_logo-1.png\",\"width\":591,\"height\":591,\"caption\":\"SZEKI\"},\"image\":{\"@id\":\"https:\\\/\\\/zoldfas.hu\\\/#\\\/schema\\\/logo\\\/image\\\/\"},\"sameAs\":[\"https:\\\/\\\/www.facebook.com\\\/zoldfas\"]},{\"@type\":\"Person\",\"@id\":\"https:\\\/\\\/zoldfas.hu\\\/#\\\/schema\\\/person\\\/267150d2e65a8ef1e4c679f526092f7c\",\"name\":\"admin\",\"sameAs\":[\"https:\\\/\\\/zoldfas.hu\"],\"url\":\"https:\\\/\\\/zoldfas.hu\\\/?author=1\"}]}<\/script>\n<!-- \/ Yoast SEO plugin. -->","yoast_head_json":{"title":"Novemberi csendes lelkigyakorlat 2024 - Z\u00f6ldf\u00e1s Lelkigyakorlatos H\u00e1z \u00e9s Ifj\u00fas\u00e1gi T\u00e1borhelysz\u00edn","robots":{"index":"index","follow":"follow","max-snippet":"max-snippet:-1","max-image-preview":"max-image-preview:large","max-video-preview":"max-video-preview:-1"},"canonical":"https:\/\/zoldfas.hu\/?p=1033","og_locale":"hu_HU","og_type":"article","og_title":"Novemberi csendes lelkigyakorlat 2024 - Z\u00f6ldf\u00e1s Lelkigyakorlatos H\u00e1z \u00e9s Ifj\u00fas\u00e1gi T\u00e1borhelysz\u00edn","og_description":"\u201eUram, tan\u00edts meg minket im\u00e1dkozni\u2026\u201d (Lk11,1) Mivel az okt\u00f3ber v\u00e9gi lelkigyakorlatunkra m\u00e1r elfogytak a helyek, ez\u00e9rt novemberre is nyitunk alkalmat az elvonul\u00e1s ut\u00e1n \u00e9rdekl\u0151d\u0151k sz\u00e1m\u00e1ra.A novemberi alkalom &#8211; hasonl\u00f3an az okt\u00f3berihez &#8211; 3 napos, kis l\u00e9tsz\u00e1m\u00fa (max. 12 f\u0151) \u00e9s 2024.11.15-17 k\u00f6z\u00f6tt ker\u00fcl megrendez\u00e9sre. Ver\u00e9b L\u00e1szl\u00f3 atya (Szent Gell\u00e9rt szemin\u00e1rium spiritu\u00e1lisa) \u00e9s Czak\u00f3 \u00c1gnes n\u0151v\u00e9r&hellip; Read more","og_url":"https:\/\/zoldfas.hu\/?p=1033","og_site_name":"Z\u00f6ldf\u00e1s Lelkigyakorlatos H\u00e1z \u00e9s Ifj\u00fas\u00e1gi T\u00e1borhelysz\u00edn","article_publisher":"https:\/\/www.facebook.com\/zoldfas","article_published_time":"2024-10-11T07:56:03+00:00","article_modified_time":"2024-10-11T10:03:16+00:00","og_image":[{"width":1414,"height":2000,"url":"https:\/\/zoldfas.hu\/wp-content\/uploads\/2024\/08\/Novemberi-lelkigyakorlat-Zoldfas.png","type":"image\/png"}],"author":"admin","twitter_card":"summary_large_image","twitter_misc":{"Szerz\u0151:":"admin","Becs\u00fclt olvas\u00e1si id\u0151":"1 perc"},"schema":{"@context":"https:\/\/schema.org","@graph":[{"@type":"Article","@id":"https:\/\/zoldfas.hu\/?p=1033#article","isPartOf":{"@id":"https:\/\/zoldfas.hu\/?p=1033"},"author":{"name":"admin","@id":"https:\/\/zoldfas.hu\/#\/schema\/person\/267150d2e65a8ef1e4c679f526092f7c"},"headline":"Novemberi csendes lelkigyakorlat 2024","datePublished":"2024-10-11T07:56:03+00:00","dateModified":"2024-10-11T10:03:16+00:00","mainEntityOfPage":{"@id":"https:\/\/zoldfas.hu\/?p=1033"},"wordCount":168,"publisher":{"@id":"https:\/\/zoldfas.hu\/#organization"},"image":{"@id":"https:\/\/zoldfas.hu\/?p=1033#primaryimage"},"thumbnailUrl":"https:\/\/zoldfas.hu\/wp-content\/uploads\/2024\/08\/Novemberi-lelkigyakorlat-Zoldfas.png","keywords":["elvonul\u00e1s","ima","lelkigyakorlat"],"articleSection":["Uncategorized"],"inLanguage":"hu"},{"@type":"WebPage","@id":"https:\/\/zoldfas.hu\/?p=1033","url":"https:\/\/zoldfas.hu\/?p=1033","name":"Novemberi csendes lelkigyakorlat 2024 - Z\u00f6ldf\u00e1s Lelkigyakorlatos H\u00e1z \u00e9s Ifj\u00fas\u00e1gi T\u00e1borhelysz\u00edn","isPartOf":{"@id":"https:\/\/zoldfas.hu\/#website"},"primaryImageOfPage":{"@id":"https:\/\/zoldfas.hu\/?p=1033#primaryimage"},"image":{"@id":"https:\/\/zoldfas.hu\/?p=1033#primaryimage"},"thumbnailUrl":"https:\/\/zoldfas.hu\/wp-content\/uploads\/2024\/08\/Novemberi-lelkigyakorlat-Zoldfas.png","datePublished":"2024-10-11T07:56:03+00:00","dateModified":"2024-10-11T10:03:16+00:00","breadcrumb":{"@id":"https:\/\/zoldfas.hu\/?p=1033#breadcrumb"},"inLanguage":"hu","potentialAction":[{"@type":"ReadAction","target":["https:\/\/zoldfas.hu\/?p=1033"]}]},{"@type":"ImageObject","inLanguage":"hu","@id":"https:\/\/zoldfas.hu\/?p=1033#primaryimage","url":"https:\/\/zoldfas.hu\/wp-content\/uploads\/2024\/08\/Novemberi-lelkigyakorlat-Zoldfas.png","contentUrl":"https:\/\/zoldfas.hu\/wp-content\/uploads\/2024\/08\/Novemberi-lelkigyakorlat-Zoldfas.png","width":1414,"height":2000},{"@type":"BreadcrumbList","@id":"https:\/\/zoldfas.hu\/?p=1033#breadcrumb","itemListElement":[{"@type":"ListItem","position":1,"name":"Kezd\u0151lap","item":"https:\/\/zoldfas.hu\/"},{"@type":"ListItem","position":2,"name":"Novemberi csendes lelkigyakorlat 2024"}]},{"@type":"WebSite","@id":"https:\/\/zoldfas.hu\/#website","url":"https:\/\/zoldfas.hu\/","name":"Z\u00f6ldf\u00e1s","description":"Z\u00f6ldf\u00e1s Lelkigyakorlatos H\u00e1z \u00e9s Ifj\u00fas\u00e1gi T\u00e1borhelysz\u00edn","publisher":{"@id":"https:\/\/zoldfas.hu\/#organization"},"potentialAction":[{"@type":"SearchAction","target":{"@type":"EntryPoint","urlTemplate":"https:\/\/zoldfas.hu\/?s={search_term_string}"},"query-input":{"@type":"PropertyValueSpecification","valueRequired":true,"valueName":"search_term_string"}}],"inLanguage":"hu"},{"@type":"Organization","@id":"https:\/\/zoldfas.hu\/#organization","name":"SZEKI","url":"https:\/\/zoldfas.hu\/","logo":{"@type":"ImageObject","inLanguage":"hu","@id":"https:\/\/zoldfas.hu\/#\/schema\/logo\/image\/","url":"https:\/\/zoldfas.hu\/wp-content\/uploads\/2024\/03\/kateklogo-2023_logo-1.png","contentUrl":"https:\/\/zoldfas.hu\/wp-content\/uploads\/2024\/03\/kateklogo-2023_logo-1.png","width":591,"height":591,"caption":"SZEKI"},"image":{"@id":"https:\/\/zoldfas.hu\/#\/schema\/logo\/image\/"},"sameAs":["https:\/\/www.facebook.com\/zoldfas"]},{"@type":"Person","@id":"https:\/\/zoldfas.hu\/#\/schema\/person\/267150d2e65a8ef1e4c679f526092f7c","name":"admin","sameAs":["https:\/\/zoldfas.hu"],"url":"https:\/\/zoldfas.hu\/?author=1"}]}},"_links":{"self":[{"href":"https:\/\/zoldfas.hu\/index.php?rest_route=\/wp\/v2\/posts\/1033","targetHints":{"allow":["GET"]}}],"collection":[{"href":"https:\/\/zoldfas.hu\/index.php?rest_route=\/wp\/v2\/posts"}],"about":[{"href":"https:\/\/zoldfas.hu\/index.php?rest_route=\/wp\/v2\/types\/post"}],"author":[{"embeddable":true,"href":"https:\/\/zoldfas.hu\/index.php?rest_route=\/wp\/v2\/users\/1"}],"replies":[{"embeddable":true,"href":"https:\/\/zoldfas.hu\/index.php?rest_route=%2Fwp%2Fv2%2Fcomments&post=1033"}],"version-history":[{"count":9,"href":"https:\/\/zoldfas.hu\/index.php?rest_route=\/wp\/v2\/posts\/1033\/revisions"}],"predecessor-version":[{"id":1051,"href":"https:\/\/zoldfas.hu\/index.php?rest_route=\/wp\/v2\/posts\/1033\/revisions\/1051"}],"wp:featuredmedia":[{"embeddable":true,"href":"https:\/\/zoldfas.hu\/index.php?rest_route=\/wp\/v2\/media\/1025"}],"wp:attachment":[{"href":"https:\/\/zoldfas.hu\/index.php?rest_route=%2Fwp%2Fv2%2Fmedia&parent=1033"}],"wp:term":[{"taxonomy":"category","embeddable":true,"href":"https:\/\/zoldfas.hu\/index.php?rest_route=%2Fwp%2Fv2%2Fcategories&post=1033"},{"taxonomy":"post_tag","embeddable":true,"href":"https:\/\/zoldfas.hu\/index.php?rest_route=%2Fwp%2Fv2%2Ftags&post=1033"}],"curies":[{"name":"wp","href":"https:\/\/api.w.org\/{rel}","templated":true}]}}