{"id":1062,"date":"2024-10-30T11:19:29","date_gmt":"2024-10-30T11:19:29","guid":{"rendered":"https:\/\/zoldfas.hu\/?p=1062"},"modified":"2024-12-03T08:28:51","modified_gmt":"2024-12-03T08:28:51","slug":"csendes-lelkigyakorlat-volt-zoldfason","status":"publish","type":"post","link":"https:\/\/zoldfas.hu\/?p=1062","title":{"rendered":"\u0150szi, csendes lelkigyakorlatok Z\u00f6ldf\u00e1son"},"content":{"rendered":"\n<p>Z\u00f6ldf\u00e1s, az Egyh\u00e1zmegye Lelkigyakorlatos H\u00e1za \u0151szi, silentiumban zajl\u00f3 3 napos lelkigyakorlatokat szervezett Ver\u00e9b L\u00e1szl\u00f3 atya (Szent Gell\u00e9rt szemin\u00e1rium spiritu\u00e1lisa) \u00e9s Czak\u00f3 \u00c1gnes n\u0151v\u00e9r (Seg\u00edt\u0151 N\u0151v\u00e9rek Kongreg\u00e1ci\u00f3ja) vezet\u00e9s\u00e9vel okt\u00f3berben \u00e9s novemberben.<\/p>\n\n\n\n<p>A programon 18 bentlak\u00f3 vend\u00e9g \u00e9p\u00edtette kapcsolat\u00e1t a Teremt\u0151vel, ir\u00e1ny\u00edtottan a csendbe burkol\u00f3zva. A r\u00e9sztvev\u0151k \u00e9letkorukat, \u00e9s lak\u00f3hely\u00fcket tekintve nagy volt a sz\u00f3r\u00e1s. A katek\u00e9t\u00e1k a SZEKI el\u0151meneteli rendszer Lelki Modulj\u00e1ban pontj\u00f3v\u00e1\u00edr\u00e1st kaptak a programban val\u00f3 r\u00e9szv\u00e9tel\u00e9rt. <\/p>\n\n\n\n<p>A pozit\u00edv visszajelz\u00e9sekre \u00e9p\u00edtve j\u00f6v\u0151re \u00fajra alkalmat szeretn\u00e9nk teremteni az elvonul\u00e1s ezen form\u00e1ja ut\u00e1n \u00e9rdekl\u0151d\u0151k sz\u00e1m\u00e1ra.<br><\/p>\n\n\n\n<p><\/p>\n","protected":false},"excerpt":{"rendered":"<p>Z\u00f6ldf\u00e1s, az Egyh\u00e1zmegye Lelkigyakorlatos H\u00e1za \u0151szi, silentiumban zajl\u00f3 3 napos lelkigyakorlatokat szervezett Ver\u00e9b L\u00e1szl\u00f3 atya (Szent Gell\u00e9rt szemin\u00e1rium spiritu\u00e1lisa) \u00e9s Czak\u00f3 \u00c1gnes n\u0151v\u00e9r (Seg\u00edt\u0151 N\u0151v\u00e9rek Kongreg\u00e1ci\u00f3ja) vezet\u00e9s\u00e9vel okt\u00f3berben \u00e9s novemberben. A programon 18 bentlak\u00f3 vend\u00e9g \u00e9p\u00edtette kapcsolat\u00e1t a Teremt\u0151vel, ir\u00e1ny\u00edtottan a csendbe burkol\u00f3zva. A r\u00e9sztvev\u0151k \u00e9letkorukat, \u00e9s lak\u00f3hely\u00fcket tekintve nagy volt a sz\u00f3r\u00e1s. A katek\u00e9t\u00e1k&hellip; <br \/> <a class=\"read-more\" href=\"https:\/\/zoldfas.hu\/?p=1062\">Read more<\/a><\/p>\n","protected":false},"author":1,"featured_media":1059,"comment_status":"closed","ping_status":"closed","sticky":false,"template":"","format":"standard","meta":{"ngg_post_thumbnail":0,"footnotes":""},"categories":[1],"tags":[6,7,3,8],"class_list":["post-1062","post","type-post","status-publish","format-standard","has-post-thumbnail","hentry","category-uncategorized","tag-elvonulas","tag-ima","tag-lelkigyakorlat","tag-zoldfas"],"yoast_head":"<!-- This site is optimized with the Yoast SEO plugin v27.5 - https:\/\/yoast.com\/product\/yoast-seo-wordpress\/ -->\n<title>\u0150szi, csendes lelkigyakorlatok Z\u00f6ldf\u00e1son - Z\u00f6ldf\u00e1s Lelkigyakorlatos H\u00e1z \u00e9s Ifj\u00fas\u00e1gi T\u00e1borhelysz\u00edn<\/title>\n<meta name=\"robots\" content=\"index, follow, max-snippet:-1, max-image-preview:large, max-video-preview:-1\" \/>\n<link rel=\"canonical\" href=\"https:\/\/zoldfas.hu\/?p=1062\" \/>\n<meta property=\"og:locale\" content=\"hu_HU\" \/>\n<meta property=\"og:type\" content=\"article\" \/>\n<meta property=\"og:title\" content=\"\u0150szi, csendes lelkigyakorlatok Z\u00f6ldf\u00e1son - Z\u00f6ldf\u00e1s Lelkigyakorlatos H\u00e1z \u00e9s Ifj\u00fas\u00e1gi T\u00e1borhelysz\u00edn\" \/>\n<meta property=\"og:description\" content=\"Z\u00f6ldf\u00e1s, az Egyh\u00e1zmegye Lelkigyakorlatos H\u00e1za \u0151szi, silentiumban zajl\u00f3 3 napos lelkigyakorlatokat szervezett Ver\u00e9b L\u00e1szl\u00f3 atya (Szent Gell\u00e9rt szemin\u00e1rium spiritu\u00e1lisa) \u00e9s Czak\u00f3 \u00c1gnes n\u0151v\u00e9r (Seg\u00edt\u0151 N\u0151v\u00e9rek Kongreg\u00e1ci\u00f3ja) vezet\u00e9s\u00e9vel okt\u00f3berben \u00e9s novemberben. A programon 18 bentlak\u00f3 vend\u00e9g \u00e9p\u00edtette kapcsolat\u00e1t a Teremt\u0151vel, ir\u00e1ny\u00edtottan a csendbe burkol\u00f3zva. A r\u00e9sztvev\u0151k \u00e9letkorukat, \u00e9s lak\u00f3hely\u00fcket tekintve nagy volt a sz\u00f3r\u00e1s. A katek\u00e9t\u00e1k&hellip; Read more\" \/>\n<meta property=\"og:url\" content=\"https:\/\/zoldfas.hu\/?p=1062\" \/>\n<meta property=\"og:site_name\" content=\"Z\u00f6ldf\u00e1s Lelkigyakorlatos H\u00e1z \u00e9s Ifj\u00fas\u00e1gi T\u00e1borhelysz\u00edn\" \/>\n<meta property=\"article:publisher\" content=\"https:\/\/www.facebook.com\/zoldfas\" \/>\n<meta property=\"article:published_time\" content=\"2024-10-30T11:19:29+00:00\" \/>\n<meta property=\"article:modified_time\" content=\"2024-12-03T08:28:51+00:00\" \/>\n<meta property=\"og:image\" content=\"https:\/\/zoldfas.hu\/wp-content\/uploads\/2024\/10\/24-10-30-09-03-07-4567.jpg\" \/>\n\t<meta property=\"og:image:width\" content=\"2048\" \/>\n\t<meta property=\"og:image:height\" content=\"2048\" \/>\n\t<meta property=\"og:image:type\" content=\"image\/jpeg\" \/>\n<meta name=\"author\" content=\"admin\" \/>\n<meta name=\"twitter:card\" content=\"summary_large_image\" \/>\n<meta name=\"twitter:label1\" content=\"Szerz\u0151:\" \/>\n\t<meta name=\"twitter:data1\" content=\"admin\" \/>\n\t<meta name=\"twitter:label2\" content=\"Becs\u00fclt olvas\u00e1si id\u0151\" \/>\n\t<meta name=\"twitter:data2\" content=\"1 perc\" \/>\n<script type=\"application\/ld+json\" class=\"yoast-schema-graph\">{\"@context\":\"https:\\\/\\\/schema.org\",\"@graph\":[{\"@type\":\"Article\",\"@id\":\"https:\\\/\\\/zoldfas.hu\\\/?p=1062#article\",\"isPartOf\":{\"@id\":\"https:\\\/\\\/zoldfas.hu\\\/?p=1062\"},\"author\":{\"name\":\"admin\",\"@id\":\"https:\\\/\\\/zoldfas.hu\\\/#\\\/schema\\\/person\\\/267150d2e65a8ef1e4c679f526092f7c\"},\"headline\":\"\u0150szi, csendes lelkigyakorlatok Z\u00f6ldf\u00e1son\",\"datePublished\":\"2024-10-30T11:19:29+00:00\",\"dateModified\":\"2024-12-03T08:28:51+00:00\",\"mainEntityOfPage\":{\"@id\":\"https:\\\/\\\/zoldfas.hu\\\/?p=1062\"},\"wordCount\":142,\"publisher\":{\"@id\":\"https:\\\/\\\/zoldfas.hu\\\/#organization\"},\"image\":{\"@id\":\"https:\\\/\\\/zoldfas.hu\\\/?p=1062#primaryimage\"},\"thumbnailUrl\":\"https:\\\/\\\/zoldfas.hu\\\/wp-content\\\/uploads\\\/2024\\\/10\\\/24-10-30-09-03-07-4567.jpg\",\"keywords\":[\"elvonul\u00e1s\",\"ima\",\"lelkigyakorlat\",\"z\u00f6ldf\u00e1s\"],\"articleSection\":[\"Uncategorized\"],\"inLanguage\":\"hu\"},{\"@type\":\"WebPage\",\"@id\":\"https:\\\/\\\/zoldfas.hu\\\/?p=1062\",\"url\":\"https:\\\/\\\/zoldfas.hu\\\/?p=1062\",\"name\":\"\u0150szi, csendes lelkigyakorlatok Z\u00f6ldf\u00e1son - Z\u00f6ldf\u00e1s Lelkigyakorlatos H\u00e1z \u00e9s Ifj\u00fas\u00e1gi T\u00e1borhelysz\u00edn\",\"isPartOf\":{\"@id\":\"https:\\\/\\\/zoldfas.hu\\\/#website\"},\"primaryImageOfPage\":{\"@id\":\"https:\\\/\\\/zoldfas.hu\\\/?p=1062#primaryimage\"},\"image\":{\"@id\":\"https:\\\/\\\/zoldfas.hu\\\/?p=1062#primaryimage\"},\"thumbnailUrl\":\"https:\\\/\\\/zoldfas.hu\\\/wp-content\\\/uploads\\\/2024\\\/10\\\/24-10-30-09-03-07-4567.jpg\",\"datePublished\":\"2024-10-30T11:19:29+00:00\",\"dateModified\":\"2024-12-03T08:28:51+00:00\",\"breadcrumb\":{\"@id\":\"https:\\\/\\\/zoldfas.hu\\\/?p=1062#breadcrumb\"},\"inLanguage\":\"hu\",\"potentialAction\":[{\"@type\":\"ReadAction\",\"target\":[\"https:\\\/\\\/zoldfas.hu\\\/?p=1062\"]}]},{\"@type\":\"ImageObject\",\"inLanguage\":\"hu\",\"@id\":\"https:\\\/\\\/zoldfas.hu\\\/?p=1062#primaryimage\",\"url\":\"https:\\\/\\\/zoldfas.hu\\\/wp-content\\\/uploads\\\/2024\\\/10\\\/24-10-30-09-03-07-4567.jpg\",\"contentUrl\":\"https:\\\/\\\/zoldfas.hu\\\/wp-content\\\/uploads\\\/2024\\\/10\\\/24-10-30-09-03-07-4567.jpg\",\"width\":2048,\"height\":2048},{\"@type\":\"BreadcrumbList\",\"@id\":\"https:\\\/\\\/zoldfas.hu\\\/?p=1062#breadcrumb\",\"itemListElement\":[{\"@type\":\"ListItem\",\"position\":1,\"name\":\"Kezd\u0151lap\",\"item\":\"https:\\\/\\\/zoldfas.hu\\\/\"},{\"@type\":\"ListItem\",\"position\":2,\"name\":\"\u0150szi, csendes lelkigyakorlatok Z\u00f6ldf\u00e1son\"}]},{\"@type\":\"WebSite\",\"@id\":\"https:\\\/\\\/zoldfas.hu\\\/#website\",\"url\":\"https:\\\/\\\/zoldfas.hu\\\/\",\"name\":\"Z\u00f6ldf\u00e1s\",\"description\":\"Z\u00f6ldf\u00e1s Lelkigyakorlatos H\u00e1z \u00e9s Ifj\u00fas\u00e1gi T\u00e1borhelysz\u00edn\",\"publisher\":{\"@id\":\"https:\\\/\\\/zoldfas.hu\\\/#organization\"},\"potentialAction\":[{\"@type\":\"SearchAction\",\"target\":{\"@type\":\"EntryPoint\",\"urlTemplate\":\"https:\\\/\\\/zoldfas.hu\\\/?s={search_term_string}\"},\"query-input\":{\"@type\":\"PropertyValueSpecification\",\"valueRequired\":true,\"valueName\":\"search_term_string\"}}],\"inLanguage\":\"hu\"},{\"@type\":\"Organization\",\"@id\":\"https:\\\/\\\/zoldfas.hu\\\/#organization\",\"name\":\"SZEKI\",\"url\":\"https:\\\/\\\/zoldfas.hu\\\/\",\"logo\":{\"@type\":\"ImageObject\",\"inLanguage\":\"hu\",\"@id\":\"https:\\\/\\\/zoldfas.hu\\\/#\\\/schema\\\/logo\\\/image\\\/\",\"url\":\"https:\\\/\\\/zoldfas.hu\\\/wp-content\\\/uploads\\\/2024\\\/03\\\/kateklogo-2023_logo-1.png\",\"contentUrl\":\"https:\\\/\\\/zoldfas.hu\\\/wp-content\\\/uploads\\\/2024\\\/03\\\/kateklogo-2023_logo-1.png\",\"width\":591,\"height\":591,\"caption\":\"SZEKI\"},\"image\":{\"@id\":\"https:\\\/\\\/zoldfas.hu\\\/#\\\/schema\\\/logo\\\/image\\\/\"},\"sameAs\":[\"https:\\\/\\\/www.facebook.com\\\/zoldfas\"]},{\"@type\":\"Person\",\"@id\":\"https:\\\/\\\/zoldfas.hu\\\/#\\\/schema\\\/person\\\/267150d2e65a8ef1e4c679f526092f7c\",\"name\":\"admin\",\"sameAs\":[\"https:\\\/\\\/zoldfas.hu\"],\"url\":\"https:\\\/\\\/zoldfas.hu\\\/?author=1\"}]}<\/script>\n<!-- \/ Yoast SEO plugin. -->","yoast_head_json":{"title":"\u0150szi, csendes lelkigyakorlatok Z\u00f6ldf\u00e1son - Z\u00f6ldf\u00e1s Lelkigyakorlatos H\u00e1z \u00e9s Ifj\u00fas\u00e1gi T\u00e1borhelysz\u00edn","robots":{"index":"index","follow":"follow","max-snippet":"max-snippet:-1","max-image-preview":"max-image-preview:large","max-video-preview":"max-video-preview:-1"},"canonical":"https:\/\/zoldfas.hu\/?p=1062","og_locale":"hu_HU","og_type":"article","og_title":"\u0150szi, csendes lelkigyakorlatok Z\u00f6ldf\u00e1son - Z\u00f6ldf\u00e1s Lelkigyakorlatos H\u00e1z \u00e9s Ifj\u00fas\u00e1gi T\u00e1borhelysz\u00edn","og_description":"Z\u00f6ldf\u00e1s, az Egyh\u00e1zmegye Lelkigyakorlatos H\u00e1za \u0151szi, silentiumban zajl\u00f3 3 napos lelkigyakorlatokat szervezett Ver\u00e9b L\u00e1szl\u00f3 atya (Szent Gell\u00e9rt szemin\u00e1rium spiritu\u00e1lisa) \u00e9s Czak\u00f3 \u00c1gnes n\u0151v\u00e9r (Seg\u00edt\u0151 N\u0151v\u00e9rek Kongreg\u00e1ci\u00f3ja) vezet\u00e9s\u00e9vel okt\u00f3berben \u00e9s novemberben. A programon 18 bentlak\u00f3 vend\u00e9g \u00e9p\u00edtette kapcsolat\u00e1t a Teremt\u0151vel, ir\u00e1ny\u00edtottan a csendbe burkol\u00f3zva. A r\u00e9sztvev\u0151k \u00e9letkorukat, \u00e9s lak\u00f3hely\u00fcket tekintve nagy volt a sz\u00f3r\u00e1s. A katek\u00e9t\u00e1k&hellip; Read more","og_url":"https:\/\/zoldfas.hu\/?p=1062","og_site_name":"Z\u00f6ldf\u00e1s Lelkigyakorlatos H\u00e1z \u00e9s Ifj\u00fas\u00e1gi T\u00e1borhelysz\u00edn","article_publisher":"https:\/\/www.facebook.com\/zoldfas","article_published_time":"2024-10-30T11:19:29+00:00","article_modified_time":"2024-12-03T08:28:51+00:00","og_image":[{"width":2048,"height":2048,"url":"https:\/\/zoldfas.hu\/wp-content\/uploads\/2024\/10\/24-10-30-09-03-07-4567.jpg","type":"image\/jpeg"}],"author":"admin","twitter_card":"summary_large_image","twitter_misc":{"Szerz\u0151:":"admin","Becs\u00fclt olvas\u00e1si id\u0151":"1 perc"},"schema":{"@context":"https:\/\/schema.org","@graph":[{"@type":"Article","@id":"https:\/\/zoldfas.hu\/?p=1062#article","isPartOf":{"@id":"https:\/\/zoldfas.hu\/?p=1062"},"author":{"name":"admin","@id":"https:\/\/zoldfas.hu\/#\/schema\/person\/267150d2e65a8ef1e4c679f526092f7c"},"headline":"\u0150szi, csendes lelkigyakorlatok Z\u00f6ldf\u00e1son","datePublished":"2024-10-30T11:19:29+00:00","dateModified":"2024-12-03T08:28:51+00:00","mainEntityOfPage":{"@id":"https:\/\/zoldfas.hu\/?p=1062"},"wordCount":142,"publisher":{"@id":"https:\/\/zoldfas.hu\/#organization"},"image":{"@id":"https:\/\/zoldfas.hu\/?p=1062#primaryimage"},"thumbnailUrl":"https:\/\/zoldfas.hu\/wp-content\/uploads\/2024\/10\/24-10-30-09-03-07-4567.jpg","keywords":["elvonul\u00e1s","ima","lelkigyakorlat","z\u00f6ldf\u00e1s"],"articleSection":["Uncategorized"],"inLanguage":"hu"},{"@type":"WebPage","@id":"https:\/\/zoldfas.hu\/?p=1062","url":"https:\/\/zoldfas.hu\/?p=1062","name":"\u0150szi, csendes lelkigyakorlatok Z\u00f6ldf\u00e1son - Z\u00f6ldf\u00e1s Lelkigyakorlatos H\u00e1z \u00e9s Ifj\u00fas\u00e1gi T\u00e1borhelysz\u00edn","isPartOf":{"@id":"https:\/\/zoldfas.hu\/#website"},"primaryImageOfPage":{"@id":"https:\/\/zoldfas.hu\/?p=1062#primaryimage"},"image":{"@id":"https:\/\/zoldfas.hu\/?p=1062#primaryimage"},"thumbnailUrl":"https:\/\/zoldfas.hu\/wp-content\/uploads\/2024\/10\/24-10-30-09-03-07-4567.jpg","datePublished":"2024-10-30T11:19:29+00:00","dateModified":"2024-12-03T08:28:51+00:00","breadcrumb":{"@id":"https:\/\/zoldfas.hu\/?p=1062#breadcrumb"},"inLanguage":"hu","potentialAction":[{"@type":"ReadAction","target":["https:\/\/zoldfas.hu\/?p=1062"]}]},{"@type":"ImageObject","inLanguage":"hu","@id":"https:\/\/zoldfas.hu\/?p=1062#primaryimage","url":"https:\/\/zoldfas.hu\/wp-content\/uploads\/2024\/10\/24-10-30-09-03-07-4567.jpg","contentUrl":"https:\/\/zoldfas.hu\/wp-content\/uploads\/2024\/10\/24-10-30-09-03-07-4567.jpg","width":2048,"height":2048},{"@type":"BreadcrumbList","@id":"https:\/\/zoldfas.hu\/?p=1062#breadcrumb","itemListElement":[{"@type":"ListItem","position":1,"name":"Kezd\u0151lap","item":"https:\/\/zoldfas.hu\/"},{"@type":"ListItem","position":2,"name":"\u0150szi, csendes lelkigyakorlatok Z\u00f6ldf\u00e1son"}]},{"@type":"WebSite","@id":"https:\/\/zoldfas.hu\/#website","url":"https:\/\/zoldfas.hu\/","name":"Z\u00f6ldf\u00e1s","description":"Z\u00f6ldf\u00e1s Lelkigyakorlatos H\u00e1z \u00e9s Ifj\u00fas\u00e1gi T\u00e1borhelysz\u00edn","publisher":{"@id":"https:\/\/zoldfas.hu\/#organization"},"potentialAction":[{"@type":"SearchAction","target":{"@type":"EntryPoint","urlTemplate":"https:\/\/zoldfas.hu\/?s={search_term_string}"},"query-input":{"@type":"PropertyValueSpecification","valueRequired":true,"valueName":"search_term_string"}}],"inLanguage":"hu"},{"@type":"Organization","@id":"https:\/\/zoldfas.hu\/#organization","name":"SZEKI","url":"https:\/\/zoldfas.hu\/","logo":{"@type":"ImageObject","inLanguage":"hu","@id":"https:\/\/zoldfas.hu\/#\/schema\/logo\/image\/","url":"https:\/\/zoldfas.hu\/wp-content\/uploads\/2024\/03\/kateklogo-2023_logo-1.png","contentUrl":"https:\/\/zoldfas.hu\/wp-content\/uploads\/2024\/03\/kateklogo-2023_logo-1.png","width":591,"height":591,"caption":"SZEKI"},"image":{"@id":"https:\/\/zoldfas.hu\/#\/schema\/logo\/image\/"},"sameAs":["https:\/\/www.facebook.com\/zoldfas"]},{"@type":"Person","@id":"https:\/\/zoldfas.hu\/#\/schema\/person\/267150d2e65a8ef1e4c679f526092f7c","name":"admin","sameAs":["https:\/\/zoldfas.hu"],"url":"https:\/\/zoldfas.hu\/?author=1"}]}},"_links":{"self":[{"href":"https:\/\/zoldfas.hu\/index.php?rest_route=\/wp\/v2\/posts\/1062","targetHints":{"allow":["GET"]}}],"collection":[{"href":"https:\/\/zoldfas.hu\/index.php?rest_route=\/wp\/v2\/posts"}],"about":[{"href":"https:\/\/zoldfas.hu\/index.php?rest_route=\/wp\/v2\/types\/post"}],"author":[{"embeddable":true,"href":"https:\/\/zoldfas.hu\/index.php?rest_route=\/wp\/v2\/users\/1"}],"replies":[{"embeddable":true,"href":"https:\/\/zoldfas.hu\/index.php?rest_route=%2Fwp%2Fv2%2Fcomments&post=1062"}],"version-history":[{"count":3,"href":"https:\/\/zoldfas.hu\/index.php?rest_route=\/wp\/v2\/posts\/1062\/revisions"}],"predecessor-version":[{"id":1097,"href":"https:\/\/zoldfas.hu\/index.php?rest_route=\/wp\/v2\/posts\/1062\/revisions\/1097"}],"wp:featuredmedia":[{"embeddable":true,"href":"https:\/\/zoldfas.hu\/index.php?rest_route=\/wp\/v2\/media\/1059"}],"wp:attachment":[{"href":"https:\/\/zoldfas.hu\/index.php?rest_route=%2Fwp%2Fv2%2Fmedia&parent=1062"}],"wp:term":[{"taxonomy":"category","embeddable":true,"href":"https:\/\/zoldfas.hu\/index.php?rest_route=%2Fwp%2Fv2%2Fcategories&post=1062"},{"taxonomy":"post_tag","embeddable":true,"href":"https:\/\/zoldfas.hu\/index.php?rest_route=%2Fwp%2Fv2%2Ftags&post=1062"}],"curies":[{"name":"wp","href":"https:\/\/api.w.org\/{rel}","templated":true}]}}