{"id":1256,"date":"2025-01-17T09:08:51","date_gmt":"2025-01-17T09:08:51","guid":{"rendered":"https:\/\/zoldfas.hu\/?p=1256"},"modified":"2025-01-17T09:09:34","modified_gmt":"2025-01-17T09:09:34","slug":"kovasz-lelkigyakorlat","status":"publish","type":"post","link":"https:\/\/zoldfas.hu\/?p=1256","title":{"rendered":"KOV\u00c1SZ lelkigyakorlat"},"content":{"rendered":"\n<p>Szeretettel aj\u00e1nljuk mindenki figyelm\u00e9be a m\u00e1rciusban megrendez\u00e9sre ker\u00fcl\u0151 KOV\u00c1SZ lelkigyakorlatunkat, melyet Dr. Serf\u0151z\u0151 Levente atya fog vezetni.<\/p>\n\n\n\n<p>\u00c9n vagyok az \u00e9let kenyere &#8211; mondja J\u00e9zus. Sz\u00e1munkra \u0150 az \u00e9let t\u00e1pl\u00e1l\u00e9ka, \u0150 az er\u0151forr\u00e1s. A k\u00e9zzel dagasztott keny\u00e9r, a teremtett \u00e9let \u00e9s szem\u00e9lyes \u00e9let\u00fcnk kifejez\u0151je. A lelkigyakorlat v\u00e9gig vezet benn\u00fcnket a val\u00f3di kov\u00e1sz \u00e9let\u00e9n, a n\u00f6veked\u00e9s \u00e9s a meg\u00fajul\u00e1s \u00fatj\u00e1n.<\/p>\n\n\n\n<p>Fontos, hogy nem workshopra h\u00edvunk, hanem egy im\u00e1ds\u00e1ggal, besz\u00e9lget\u00e9ssel k\u00eds\u00e9rt alkalomra. Itt nem csak kenyeret k\u00e9sz\u00edt\u00fcnk, hanem engedj\u00fck, hogy Isten munk\u00e1lkodjon a sz\u00edv\u00fcnkben.<\/p>\n\n\n\n<p>Id\u0151pont: <strong>2025. m\u00e1rcius 14-15.<\/strong><\/p>\n\n\n\n<p>A lelkigyakorlatot vezeti: <strong>Dr. Serf\u0151z\u0151 Levente <\/strong>(oktat\u00e1si p\u00fcsp\u00f6ki helyn\u00f6k, pl\u00e9b\u00e1nos)<\/p>\n\n\n\n<p>R\u00e9szv\u00e9teli d\u00edj: <strong>15.000 Ft \/ f\u0151 <\/strong>(tartalmazza a sz\u00e1ll\u00e1st, \u00e1gynem\u0171haszn\u00e1latot, \u00e9tkez\u00e9seket \u00e9s a keny\u00e9rs\u00fct\u00e9shez sz\u00fcks\u00e9ges lisztet)<\/p>\n\n\n\n<p>Helysz\u00edn: <strong>Z\u00f6ldf\u00e1s Lelkigyakorlatos H\u00e1z<\/strong><\/p>\n\n\n\n<p>Jelentkezni lehet <a href=\"https:\/\/forms.gle\/B6Gkqt6Pis9WsbAT7\" target=\"_blank\" rel=\"noreferrer noopener\">ITT<\/a>.<\/p>\n\n\n\n<p>\u00c9rdekl\u0151d\u00e9s:<\/p>\n\n\n\n<ul class=\"wp-block-list\">\n<li>info@zoldfas.hu<\/li>\n\n\n\n<li>+36 20 341 8334<\/li>\n<\/ul>\n","protected":false},"excerpt":{"rendered":"<p>Szeretettel aj\u00e1nljuk mindenki figyelm\u00e9be a m\u00e1rciusban megrendez\u00e9sre ker\u00fcl\u0151 KOV\u00c1SZ lelkigyakorlatunkat, melyet Dr. Serf\u0151z\u0151 Levente atya fog vezetni. \u00c9n vagyok az \u00e9let kenyere &#8211; mondja J\u00e9zus. Sz\u00e1munkra \u0150 az \u00e9let t\u00e1pl\u00e1l\u00e9ka, \u0150 az er\u0151forr\u00e1s. A k\u00e9zzel dagasztott keny\u00e9r, a teremtett \u00e9let \u00e9s szem\u00e9lyes \u00e9let\u00fcnk kifejez\u0151je. A lelkigyakorlat v\u00e9gig vezet benn\u00fcnket a val\u00f3di kov\u00e1sz \u00e9let\u00e9n, a n\u00f6veked\u00e9s&hellip; <br \/> <a class=\"read-more\" href=\"https:\/\/zoldfas.hu\/?p=1256\">Read more<\/a><\/p>\n","protected":false},"author":1,"featured_media":1254,"comment_status":"closed","ping_status":"closed","sticky":false,"template":"","format":"standard","meta":{"ngg_post_thumbnail":0,"footnotes":""},"categories":[1],"tags":[12,3,9,8],"class_list":["post-1256","post","type-post","status-publish","format-standard","has-post-thumbnail","hentry","category-uncategorized","tag-kovaszlelkigyakorlat","tag-lelkigyakorlat","tag-lelkigyakorlatoshaz","tag-zoldfas"],"yoast_head":"<!-- This site is optimized with the Yoast SEO plugin v27.5 - https:\/\/yoast.com\/product\/yoast-seo-wordpress\/ -->\n<title>KOV\u00c1SZ lelkigyakorlat - Z\u00f6ldf\u00e1s Lelkigyakorlatos H\u00e1z \u00e9s Ifj\u00fas\u00e1gi T\u00e1borhelysz\u00edn<\/title>\n<meta name=\"robots\" content=\"index, follow, max-snippet:-1, max-image-preview:large, max-video-preview:-1\" \/>\n<link rel=\"canonical\" href=\"https:\/\/zoldfas.hu\/?p=1256\" \/>\n<meta property=\"og:locale\" content=\"hu_HU\" \/>\n<meta property=\"og:type\" content=\"article\" \/>\n<meta property=\"og:title\" content=\"KOV\u00c1SZ lelkigyakorlat - Z\u00f6ldf\u00e1s Lelkigyakorlatos H\u00e1z \u00e9s Ifj\u00fas\u00e1gi T\u00e1borhelysz\u00edn\" \/>\n<meta property=\"og:description\" content=\"Szeretettel aj\u00e1nljuk mindenki figyelm\u00e9be a m\u00e1rciusban megrendez\u00e9sre ker\u00fcl\u0151 KOV\u00c1SZ lelkigyakorlatunkat, melyet Dr. Serf\u0151z\u0151 Levente atya fog vezetni. \u00c9n vagyok az \u00e9let kenyere &#8211; mondja J\u00e9zus. Sz\u00e1munkra \u0150 az \u00e9let t\u00e1pl\u00e1l\u00e9ka, \u0150 az er\u0151forr\u00e1s. A k\u00e9zzel dagasztott keny\u00e9r, a teremtett \u00e9let \u00e9s szem\u00e9lyes \u00e9let\u00fcnk kifejez\u0151je. A lelkigyakorlat v\u00e9gig vezet benn\u00fcnket a val\u00f3di kov\u00e1sz \u00e9let\u00e9n, a n\u00f6veked\u00e9s&hellip; Read more\" \/>\n<meta property=\"og:url\" content=\"https:\/\/zoldfas.hu\/?p=1256\" \/>\n<meta property=\"og:site_name\" content=\"Z\u00f6ldf\u00e1s Lelkigyakorlatos H\u00e1z \u00e9s Ifj\u00fas\u00e1gi T\u00e1borhelysz\u00edn\" \/>\n<meta property=\"article:publisher\" content=\"https:\/\/www.facebook.com\/zoldfas\" \/>\n<meta property=\"article:published_time\" content=\"2025-01-17T09:08:51+00:00\" \/>\n<meta property=\"article:modified_time\" content=\"2025-01-17T09:09:34+00:00\" \/>\n<meta property=\"og:image\" content=\"https:\/\/zoldfas.hu\/wp-content\/uploads\/2024\/08\/KOVASZ-1-4.png\" \/>\n\t<meta property=\"og:image:width\" content=\"940\" \/>\n\t<meta property=\"og:image:height\" content=\"788\" \/>\n\t<meta property=\"og:image:type\" content=\"image\/png\" \/>\n<meta name=\"author\" content=\"admin\" \/>\n<meta name=\"twitter:card\" content=\"summary_large_image\" \/>\n<meta name=\"twitter:label1\" content=\"Szerz\u0151:\" \/>\n\t<meta name=\"twitter:data1\" content=\"admin\" \/>\n\t<meta name=\"twitter:label2\" content=\"Becs\u00fclt olvas\u00e1si id\u0151\" \/>\n\t<meta name=\"twitter:data2\" content=\"1 perc\" \/>\n<script type=\"application\/ld+json\" class=\"yoast-schema-graph\">{\"@context\":\"https:\\\/\\\/schema.org\",\"@graph\":[{\"@type\":\"Article\",\"@id\":\"https:\\\/\\\/zoldfas.hu\\\/?p=1256#article\",\"isPartOf\":{\"@id\":\"https:\\\/\\\/zoldfas.hu\\\/?p=1256\"},\"author\":{\"name\":\"admin\",\"@id\":\"https:\\\/\\\/zoldfas.hu\\\/#\\\/schema\\\/person\\\/267150d2e65a8ef1e4c679f526092f7c\"},\"headline\":\"KOV\u00c1SZ lelkigyakorlat\",\"datePublished\":\"2025-01-17T09:08:51+00:00\",\"dateModified\":\"2025-01-17T09:09:34+00:00\",\"mainEntityOfPage\":{\"@id\":\"https:\\\/\\\/zoldfas.hu\\\/?p=1256\"},\"wordCount\":192,\"publisher\":{\"@id\":\"https:\\\/\\\/zoldfas.hu\\\/#organization\"},\"image\":{\"@id\":\"https:\\\/\\\/zoldfas.hu\\\/?p=1256#primaryimage\"},\"thumbnailUrl\":\"https:\\\/\\\/zoldfas.hu\\\/wp-content\\\/uploads\\\/2024\\\/08\\\/KOVASZ-1-4.png\",\"keywords\":[\"kov\u00e1szlelkigyakorlat\",\"lelkigyakorlat\",\"lelkigyakorlatosh\u00e1z\",\"z\u00f6ldf\u00e1s\"],\"articleSection\":[\"Uncategorized\"],\"inLanguage\":\"hu\"},{\"@type\":\"WebPage\",\"@id\":\"https:\\\/\\\/zoldfas.hu\\\/?p=1256\",\"url\":\"https:\\\/\\\/zoldfas.hu\\\/?p=1256\",\"name\":\"KOV\u00c1SZ lelkigyakorlat - Z\u00f6ldf\u00e1s Lelkigyakorlatos H\u00e1z \u00e9s Ifj\u00fas\u00e1gi T\u00e1borhelysz\u00edn\",\"isPartOf\":{\"@id\":\"https:\\\/\\\/zoldfas.hu\\\/#website\"},\"primaryImageOfPage\":{\"@id\":\"https:\\\/\\\/zoldfas.hu\\\/?p=1256#primaryimage\"},\"image\":{\"@id\":\"https:\\\/\\\/zoldfas.hu\\\/?p=1256#primaryimage\"},\"thumbnailUrl\":\"https:\\\/\\\/zoldfas.hu\\\/wp-content\\\/uploads\\\/2024\\\/08\\\/KOVASZ-1-4.png\",\"datePublished\":\"2025-01-17T09:08:51+00:00\",\"dateModified\":\"2025-01-17T09:09:34+00:00\",\"breadcrumb\":{\"@id\":\"https:\\\/\\\/zoldfas.hu\\\/?p=1256#breadcrumb\"},\"inLanguage\":\"hu\",\"potentialAction\":[{\"@type\":\"ReadAction\",\"target\":[\"https:\\\/\\\/zoldfas.hu\\\/?p=1256\"]}]},{\"@type\":\"ImageObject\",\"inLanguage\":\"hu\",\"@id\":\"https:\\\/\\\/zoldfas.hu\\\/?p=1256#primaryimage\",\"url\":\"https:\\\/\\\/zoldfas.hu\\\/wp-content\\\/uploads\\\/2024\\\/08\\\/KOVASZ-1-4.png\",\"contentUrl\":\"https:\\\/\\\/zoldfas.hu\\\/wp-content\\\/uploads\\\/2024\\\/08\\\/KOVASZ-1-4.png\",\"width\":940,\"height\":788},{\"@type\":\"BreadcrumbList\",\"@id\":\"https:\\\/\\\/zoldfas.hu\\\/?p=1256#breadcrumb\",\"itemListElement\":[{\"@type\":\"ListItem\",\"position\":1,\"name\":\"Kezd\u0151lap\",\"item\":\"https:\\\/\\\/zoldfas.hu\\\/\"},{\"@type\":\"ListItem\",\"position\":2,\"name\":\"KOV\u00c1SZ lelkigyakorlat\"}]},{\"@type\":\"WebSite\",\"@id\":\"https:\\\/\\\/zoldfas.hu\\\/#website\",\"url\":\"https:\\\/\\\/zoldfas.hu\\\/\",\"name\":\"Z\u00f6ldf\u00e1s\",\"description\":\"Z\u00f6ldf\u00e1s Lelkigyakorlatos H\u00e1z \u00e9s Ifj\u00fas\u00e1gi T\u00e1borhelysz\u00edn\",\"publisher\":{\"@id\":\"https:\\\/\\\/zoldfas.hu\\\/#organization\"},\"potentialAction\":[{\"@type\":\"SearchAction\",\"target\":{\"@type\":\"EntryPoint\",\"urlTemplate\":\"https:\\\/\\\/zoldfas.hu\\\/?s={search_term_string}\"},\"query-input\":{\"@type\":\"PropertyValueSpecification\",\"valueRequired\":true,\"valueName\":\"search_term_string\"}}],\"inLanguage\":\"hu\"},{\"@type\":\"Organization\",\"@id\":\"https:\\\/\\\/zoldfas.hu\\\/#organization\",\"name\":\"SZEKI\",\"url\":\"https:\\\/\\\/zoldfas.hu\\\/\",\"logo\":{\"@type\":\"ImageObject\",\"inLanguage\":\"hu\",\"@id\":\"https:\\\/\\\/zoldfas.hu\\\/#\\\/schema\\\/logo\\\/image\\\/\",\"url\":\"https:\\\/\\\/zoldfas.hu\\\/wp-content\\\/uploads\\\/2024\\\/03\\\/kateklogo-2023_logo-1.png\",\"contentUrl\":\"https:\\\/\\\/zoldfas.hu\\\/wp-content\\\/uploads\\\/2024\\\/03\\\/kateklogo-2023_logo-1.png\",\"width\":591,\"height\":591,\"caption\":\"SZEKI\"},\"image\":{\"@id\":\"https:\\\/\\\/zoldfas.hu\\\/#\\\/schema\\\/logo\\\/image\\\/\"},\"sameAs\":[\"https:\\\/\\\/www.facebook.com\\\/zoldfas\"]},{\"@type\":\"Person\",\"@id\":\"https:\\\/\\\/zoldfas.hu\\\/#\\\/schema\\\/person\\\/267150d2e65a8ef1e4c679f526092f7c\",\"name\":\"admin\",\"sameAs\":[\"https:\\\/\\\/zoldfas.hu\"],\"url\":\"https:\\\/\\\/zoldfas.hu\\\/?author=1\"}]}<\/script>\n<!-- \/ Yoast SEO plugin. -->","yoast_head_json":{"title":"KOV\u00c1SZ lelkigyakorlat - Z\u00f6ldf\u00e1s Lelkigyakorlatos H\u00e1z \u00e9s Ifj\u00fas\u00e1gi T\u00e1borhelysz\u00edn","robots":{"index":"index","follow":"follow","max-snippet":"max-snippet:-1","max-image-preview":"max-image-preview:large","max-video-preview":"max-video-preview:-1"},"canonical":"https:\/\/zoldfas.hu\/?p=1256","og_locale":"hu_HU","og_type":"article","og_title":"KOV\u00c1SZ lelkigyakorlat - Z\u00f6ldf\u00e1s Lelkigyakorlatos H\u00e1z \u00e9s Ifj\u00fas\u00e1gi T\u00e1borhelysz\u00edn","og_description":"Szeretettel aj\u00e1nljuk mindenki figyelm\u00e9be a m\u00e1rciusban megrendez\u00e9sre ker\u00fcl\u0151 KOV\u00c1SZ lelkigyakorlatunkat, melyet Dr. Serf\u0151z\u0151 Levente atya fog vezetni. \u00c9n vagyok az \u00e9let kenyere &#8211; mondja J\u00e9zus. Sz\u00e1munkra \u0150 az \u00e9let t\u00e1pl\u00e1l\u00e9ka, \u0150 az er\u0151forr\u00e1s. A k\u00e9zzel dagasztott keny\u00e9r, a teremtett \u00e9let \u00e9s szem\u00e9lyes \u00e9let\u00fcnk kifejez\u0151je. A lelkigyakorlat v\u00e9gig vezet benn\u00fcnket a val\u00f3di kov\u00e1sz \u00e9let\u00e9n, a n\u00f6veked\u00e9s&hellip; Read more","og_url":"https:\/\/zoldfas.hu\/?p=1256","og_site_name":"Z\u00f6ldf\u00e1s Lelkigyakorlatos H\u00e1z \u00e9s Ifj\u00fas\u00e1gi T\u00e1borhelysz\u00edn","article_publisher":"https:\/\/www.facebook.com\/zoldfas","article_published_time":"2025-01-17T09:08:51+00:00","article_modified_time":"2025-01-17T09:09:34+00:00","og_image":[{"width":940,"height":788,"url":"https:\/\/zoldfas.hu\/wp-content\/uploads\/2024\/08\/KOVASZ-1-4.png","type":"image\/png"}],"author":"admin","twitter_card":"summary_large_image","twitter_misc":{"Szerz\u0151:":"admin","Becs\u00fclt olvas\u00e1si id\u0151":"1 perc"},"schema":{"@context":"https:\/\/schema.org","@graph":[{"@type":"Article","@id":"https:\/\/zoldfas.hu\/?p=1256#article","isPartOf":{"@id":"https:\/\/zoldfas.hu\/?p=1256"},"author":{"name":"admin","@id":"https:\/\/zoldfas.hu\/#\/schema\/person\/267150d2e65a8ef1e4c679f526092f7c"},"headline":"KOV\u00c1SZ lelkigyakorlat","datePublished":"2025-01-17T09:08:51+00:00","dateModified":"2025-01-17T09:09:34+00:00","mainEntityOfPage":{"@id":"https:\/\/zoldfas.hu\/?p=1256"},"wordCount":192,"publisher":{"@id":"https:\/\/zoldfas.hu\/#organization"},"image":{"@id":"https:\/\/zoldfas.hu\/?p=1256#primaryimage"},"thumbnailUrl":"https:\/\/zoldfas.hu\/wp-content\/uploads\/2024\/08\/KOVASZ-1-4.png","keywords":["kov\u00e1szlelkigyakorlat","lelkigyakorlat","lelkigyakorlatosh\u00e1z","z\u00f6ldf\u00e1s"],"articleSection":["Uncategorized"],"inLanguage":"hu"},{"@type":"WebPage","@id":"https:\/\/zoldfas.hu\/?p=1256","url":"https:\/\/zoldfas.hu\/?p=1256","name":"KOV\u00c1SZ lelkigyakorlat - Z\u00f6ldf\u00e1s Lelkigyakorlatos H\u00e1z \u00e9s Ifj\u00fas\u00e1gi T\u00e1borhelysz\u00edn","isPartOf":{"@id":"https:\/\/zoldfas.hu\/#website"},"primaryImageOfPage":{"@id":"https:\/\/zoldfas.hu\/?p=1256#primaryimage"},"image":{"@id":"https:\/\/zoldfas.hu\/?p=1256#primaryimage"},"thumbnailUrl":"https:\/\/zoldfas.hu\/wp-content\/uploads\/2024\/08\/KOVASZ-1-4.png","datePublished":"2025-01-17T09:08:51+00:00","dateModified":"2025-01-17T09:09:34+00:00","breadcrumb":{"@id":"https:\/\/zoldfas.hu\/?p=1256#breadcrumb"},"inLanguage":"hu","potentialAction":[{"@type":"ReadAction","target":["https:\/\/zoldfas.hu\/?p=1256"]}]},{"@type":"ImageObject","inLanguage":"hu","@id":"https:\/\/zoldfas.hu\/?p=1256#primaryimage","url":"https:\/\/zoldfas.hu\/wp-content\/uploads\/2024\/08\/KOVASZ-1-4.png","contentUrl":"https:\/\/zoldfas.hu\/wp-content\/uploads\/2024\/08\/KOVASZ-1-4.png","width":940,"height":788},{"@type":"BreadcrumbList","@id":"https:\/\/zoldfas.hu\/?p=1256#breadcrumb","itemListElement":[{"@type":"ListItem","position":1,"name":"Kezd\u0151lap","item":"https:\/\/zoldfas.hu\/"},{"@type":"ListItem","position":2,"name":"KOV\u00c1SZ lelkigyakorlat"}]},{"@type":"WebSite","@id":"https:\/\/zoldfas.hu\/#website","url":"https:\/\/zoldfas.hu\/","name":"Z\u00f6ldf\u00e1s","description":"Z\u00f6ldf\u00e1s Lelkigyakorlatos H\u00e1z \u00e9s Ifj\u00fas\u00e1gi T\u00e1borhelysz\u00edn","publisher":{"@id":"https:\/\/zoldfas.hu\/#organization"},"potentialAction":[{"@type":"SearchAction","target":{"@type":"EntryPoint","urlTemplate":"https:\/\/zoldfas.hu\/?s={search_term_string}"},"query-input":{"@type":"PropertyValueSpecification","valueRequired":true,"valueName":"search_term_string"}}],"inLanguage":"hu"},{"@type":"Organization","@id":"https:\/\/zoldfas.hu\/#organization","name":"SZEKI","url":"https:\/\/zoldfas.hu\/","logo":{"@type":"ImageObject","inLanguage":"hu","@id":"https:\/\/zoldfas.hu\/#\/schema\/logo\/image\/","url":"https:\/\/zoldfas.hu\/wp-content\/uploads\/2024\/03\/kateklogo-2023_logo-1.png","contentUrl":"https:\/\/zoldfas.hu\/wp-content\/uploads\/2024\/03\/kateklogo-2023_logo-1.png","width":591,"height":591,"caption":"SZEKI"},"image":{"@id":"https:\/\/zoldfas.hu\/#\/schema\/logo\/image\/"},"sameAs":["https:\/\/www.facebook.com\/zoldfas"]},{"@type":"Person","@id":"https:\/\/zoldfas.hu\/#\/schema\/person\/267150d2e65a8ef1e4c679f526092f7c","name":"admin","sameAs":["https:\/\/zoldfas.hu"],"url":"https:\/\/zoldfas.hu\/?author=1"}]}},"_links":{"self":[{"href":"https:\/\/zoldfas.hu\/index.php?rest_route=\/wp\/v2\/posts\/1256","targetHints":{"allow":["GET"]}}],"collection":[{"href":"https:\/\/zoldfas.hu\/index.php?rest_route=\/wp\/v2\/posts"}],"about":[{"href":"https:\/\/zoldfas.hu\/index.php?rest_route=\/wp\/v2\/types\/post"}],"author":[{"embeddable":true,"href":"https:\/\/zoldfas.hu\/index.php?rest_route=\/wp\/v2\/users\/1"}],"replies":[{"embeddable":true,"href":"https:\/\/zoldfas.hu\/index.php?rest_route=%2Fwp%2Fv2%2Fcomments&post=1256"}],"version-history":[{"count":1,"href":"https:\/\/zoldfas.hu\/index.php?rest_route=\/wp\/v2\/posts\/1256\/revisions"}],"predecessor-version":[{"id":1257,"href":"https:\/\/zoldfas.hu\/index.php?rest_route=\/wp\/v2\/posts\/1256\/revisions\/1257"}],"wp:featuredmedia":[{"embeddable":true,"href":"https:\/\/zoldfas.hu\/index.php?rest_route=\/wp\/v2\/media\/1254"}],"wp:attachment":[{"href":"https:\/\/zoldfas.hu\/index.php?rest_route=%2Fwp%2Fv2%2Fmedia&parent=1256"}],"wp:term":[{"taxonomy":"category","embeddable":true,"href":"https:\/\/zoldfas.hu\/index.php?rest_route=%2Fwp%2Fv2%2Fcategories&post=1256"},{"taxonomy":"post_tag","embeddable":true,"href":"https:\/\/zoldfas.hu\/index.php?rest_route=%2Fwp%2Fv2%2Ftags&post=1256"}],"curies":[{"name":"wp","href":"https:\/\/api.w.org\/{rel}","templated":true}]}}