{"id":1492,"date":"2025-09-05T11:12:00","date_gmt":"2025-09-05T11:12:00","guid":{"rendered":"https:\/\/zoldfas.hu\/?p=1492"},"modified":"2025-09-05T11:48:36","modified_gmt":"2025-09-05T11:48:36","slug":"eleszd-fel-remenyed-bar-45-lelkigyakorlat","status":"publish","type":"post","link":"https:\/\/zoldfas.hu\/?p=1492","title":{"rendered":"\u201e\u00c9leszd fel rem\u00e9nyed&#8230;\u201d (B\u00e1r 4,5) lelkigyakorlat"},"content":{"rendered":"\n<p>Mott\u00f3: \u201e\u00c9leszd fel rem\u00e9nyed&#8230;\u201d (B\u00e1r 4,5)<\/p>\n\n\n\n<p>Sok szeretettel h\u00edvunk \u00e9s v\u00e1runk mindenkit a <strong>silentium<\/strong> jegy\u00e9ben zajl\u00f3 lelkigyakorlatunkra, ahol a csend, az ima \u00e9s az Istennel val\u00f3 tal\u00e1lkoz\u00e1s aj\u00e1nd\u00e9ka k\u00e9pes \u00fajj\u00e1\u00e9leszteni sz\u00edv\u00fcnkben a rem\u00e9nyt. Ezen a h\u00e9tv\u00e9g\u00e9n minden perc imaid\u0151v\u00e9 v\u00e1lhat, ak\u00e1r csendben s\u00e9t\u00e1lunk, ak\u00e1r megpihen\u00fcnk, hiszen Isten b\u00e1rmikor megsz\u00f3l\u00edthat benn\u00fcnket.<\/p>\n\n\n\n<p>A lelkigyakorlatot vezeti:\u00a0<strong>Ver\u00e9b L\u00e1szl\u00f3 atya<\/strong>\u00a0(Szent Gell\u00e9rt szemin\u00e1rium spiritu\u00e1lisa) \u00e9s\u00a0<strong>Czak\u00f3 \u00c1gnes n\u0151v\u00e9r\u00a0<\/strong>(Seg\u00edt\u0151 N\u0151v\u00e9rek Kongreg\u00e1ci\u00f3ja)<\/p>\n\n\n\n<p>Maximum <strong>12 f\u0151<\/strong> jelentkez\u00e9s\u00e9t tudjuk fogadni.<\/p>\n\n\n\n<p>Id\u0151pont:&nbsp;<strong>2025. okt\u00f3ber 10-12.<\/strong><\/p>\n\n\n\n<p><\/p>\n\n\n\n<p>R\u00e9szv\u00e9teli d\u00edj:&nbsp;<strong>35.000 Ft \/ f\u0151<\/strong>&nbsp;(tartalmazza a lelkigyakorlaton val\u00f3 r\u00e9szv\u00e9telt, sz\u00e1ll\u00e1st 2 \u00e9jszak\u00e1ra, \u00e1gynem\u0171haszn\u00e1latot \u00e9s az \u00e9tkez\u00e9seket)<\/p>\n\n\n\n<p>Helysz\u00edn:&nbsp;<strong>Z\u00f6ldf\u00e1s Lelkigyakorlatos H\u00e1z<\/strong><\/p>\n\n\n\n<p>Jelentkezni&nbsp;<strong><a href=\"https:\/\/forms.gle\/KqSwKKxN3pmzaQxa7\">ITT&nbsp;<\/a><\/strong>lehet.<\/p>\n\n\n\n<p>\u00c9rdekl\u0151d\u00e9s:<\/p>\n\n\n\n<ul class=\"wp-block-list\">\n<li>info@zoldfas.hu<\/li>\n<\/ul>\n\n\n\n<p><\/p>\n","protected":false},"excerpt":{"rendered":"<p>Mott\u00f3: \u201e\u00c9leszd fel rem\u00e9nyed&#8230;\u201d (B\u00e1r 4,5) Sok szeretettel h\u00edvunk \u00e9s v\u00e1runk mindenkit a silentium jegy\u00e9ben zajl\u00f3 lelkigyakorlatunkra, ahol a csend, az ima \u00e9s az Istennel val\u00f3 tal\u00e1lkoz\u00e1s aj\u00e1nd\u00e9ka k\u00e9pes \u00fajj\u00e1\u00e9leszteni sz\u00edv\u00fcnkben a rem\u00e9nyt. Ezen a h\u00e9tv\u00e9g\u00e9n minden perc imaid\u0151v\u00e9 v\u00e1lhat, ak\u00e1r csendben s\u00e9t\u00e1lunk, ak\u00e1r megpihen\u00fcnk, hiszen Isten b\u00e1rmikor megsz\u00f3l\u00edthat benn\u00fcnket. A lelkigyakorlatot vezeti:\u00a0Ver\u00e9b L\u00e1szl\u00f3 atya\u00a0(Szent&hellip; <br \/> <a class=\"read-more\" href=\"https:\/\/zoldfas.hu\/?p=1492\">Read more<\/a><\/p>\n","protected":false},"author":1,"featured_media":1495,"comment_status":"closed","ping_status":"closed","sticky":false,"template":"","format":"standard","meta":{"ngg_post_thumbnail":0,"footnotes":""},"categories":[1],"tags":[],"class_list":["post-1492","post","type-post","status-publish","format-standard","has-post-thumbnail","hentry","category-uncategorized"],"yoast_head":"<!-- This site is optimized with the Yoast SEO plugin v27.5 - https:\/\/yoast.com\/product\/yoast-seo-wordpress\/ -->\n<title>\u201e\u00c9leszd fel rem\u00e9nyed...\u201d (B\u00e1r 4,5) lelkigyakorlat - Z\u00f6ldf\u00e1s Lelkigyakorlatos H\u00e1z \u00e9s Ifj\u00fas\u00e1gi T\u00e1borhelysz\u00edn<\/title>\n<meta name=\"robots\" content=\"index, follow, max-snippet:-1, max-image-preview:large, max-video-preview:-1\" \/>\n<link rel=\"canonical\" href=\"https:\/\/zoldfas.hu\/?p=1492\" \/>\n<meta property=\"og:locale\" content=\"hu_HU\" \/>\n<meta property=\"og:type\" content=\"article\" \/>\n<meta property=\"og:title\" content=\"\u201e\u00c9leszd fel rem\u00e9nyed...\u201d (B\u00e1r 4,5) lelkigyakorlat - Z\u00f6ldf\u00e1s Lelkigyakorlatos H\u00e1z \u00e9s Ifj\u00fas\u00e1gi T\u00e1borhelysz\u00edn\" \/>\n<meta property=\"og:description\" content=\"Mott\u00f3: \u201e\u00c9leszd fel rem\u00e9nyed&#8230;\u201d (B\u00e1r 4,5) Sok szeretettel h\u00edvunk \u00e9s v\u00e1runk mindenkit a silentium jegy\u00e9ben zajl\u00f3 lelkigyakorlatunkra, ahol a csend, az ima \u00e9s az Istennel val\u00f3 tal\u00e1lkoz\u00e1s aj\u00e1nd\u00e9ka k\u00e9pes \u00fajj\u00e1\u00e9leszteni sz\u00edv\u00fcnkben a rem\u00e9nyt. Ezen a h\u00e9tv\u00e9g\u00e9n minden perc imaid\u0151v\u00e9 v\u00e1lhat, ak\u00e1r csendben s\u00e9t\u00e1lunk, ak\u00e1r megpihen\u00fcnk, hiszen Isten b\u00e1rmikor megsz\u00f3l\u00edthat benn\u00fcnket. A lelkigyakorlatot vezeti:\u00a0Ver\u00e9b L\u00e1szl\u00f3 atya\u00a0(Szent&hellip; Read more\" \/>\n<meta property=\"og:url\" content=\"https:\/\/zoldfas.hu\/?p=1492\" \/>\n<meta property=\"og:site_name\" content=\"Z\u00f6ldf\u00e1s Lelkigyakorlatos H\u00e1z \u00e9s Ifj\u00fas\u00e1gi T\u00e1borhelysz\u00edn\" \/>\n<meta property=\"article:publisher\" content=\"https:\/\/www.facebook.com\/zoldfas\" \/>\n<meta property=\"article:published_time\" content=\"2025-09-05T11:12:00+00:00\" \/>\n<meta property=\"article:modified_time\" content=\"2025-09-05T11:48:36+00:00\" \/>\n<meta property=\"og:image\" content=\"https:\/\/zoldfas.hu\/wp-content\/uploads\/2025\/09\/2025.-okt.-10-12-scaled.jpg\" \/>\n\t<meta property=\"og:image:width\" content=\"1810\" \/>\n\t<meta property=\"og:image:height\" content=\"2560\" \/>\n\t<meta property=\"og:image:type\" content=\"image\/jpeg\" \/>\n<meta name=\"author\" content=\"admin\" \/>\n<meta name=\"twitter:card\" content=\"summary_large_image\" \/>\n<meta name=\"twitter:label1\" content=\"Szerz\u0151:\" \/>\n\t<meta name=\"twitter:data1\" content=\"admin\" \/>\n\t<meta name=\"twitter:label2\" content=\"Becs\u00fclt olvas\u00e1si id\u0151\" \/>\n\t<meta name=\"twitter:data2\" content=\"1 perc\" \/>\n<script type=\"application\/ld+json\" class=\"yoast-schema-graph\">{\"@context\":\"https:\\\/\\\/schema.org\",\"@graph\":[{\"@type\":\"Article\",\"@id\":\"https:\\\/\\\/zoldfas.hu\\\/?p=1492#article\",\"isPartOf\":{\"@id\":\"https:\\\/\\\/zoldfas.hu\\\/?p=1492\"},\"author\":{\"name\":\"admin\",\"@id\":\"https:\\\/\\\/zoldfas.hu\\\/#\\\/schema\\\/person\\\/267150d2e65a8ef1e4c679f526092f7c\"},\"headline\":\"\u201e\u00c9leszd fel rem\u00e9nyed&#8230;\u201d (B\u00e1r 4,5) lelkigyakorlat\",\"datePublished\":\"2025-09-05T11:12:00+00:00\",\"dateModified\":\"2025-09-05T11:48:36+00:00\",\"mainEntityOfPage\":{\"@id\":\"https:\\\/\\\/zoldfas.hu\\\/?p=1492\"},\"wordCount\":174,\"publisher\":{\"@id\":\"https:\\\/\\\/zoldfas.hu\\\/#organization\"},\"image\":{\"@id\":\"https:\\\/\\\/zoldfas.hu\\\/?p=1492#primaryimage\"},\"thumbnailUrl\":\"https:\\\/\\\/zoldfas.hu\\\/wp-content\\\/uploads\\\/2025\\\/09\\\/2025.-okt.-10-12-scaled.jpg\",\"articleSection\":[\"Uncategorized\"],\"inLanguage\":\"hu\"},{\"@type\":\"WebPage\",\"@id\":\"https:\\\/\\\/zoldfas.hu\\\/?p=1492\",\"url\":\"https:\\\/\\\/zoldfas.hu\\\/?p=1492\",\"name\":\"\u201e\u00c9leszd fel rem\u00e9nyed...\u201d (B\u00e1r 4,5) lelkigyakorlat - Z\u00f6ldf\u00e1s Lelkigyakorlatos H\u00e1z \u00e9s Ifj\u00fas\u00e1gi T\u00e1borhelysz\u00edn\",\"isPartOf\":{\"@id\":\"https:\\\/\\\/zoldfas.hu\\\/#website\"},\"primaryImageOfPage\":{\"@id\":\"https:\\\/\\\/zoldfas.hu\\\/?p=1492#primaryimage\"},\"image\":{\"@id\":\"https:\\\/\\\/zoldfas.hu\\\/?p=1492#primaryimage\"},\"thumbnailUrl\":\"https:\\\/\\\/zoldfas.hu\\\/wp-content\\\/uploads\\\/2025\\\/09\\\/2025.-okt.-10-12-scaled.jpg\",\"datePublished\":\"2025-09-05T11:12:00+00:00\",\"dateModified\":\"2025-09-05T11:48:36+00:00\",\"breadcrumb\":{\"@id\":\"https:\\\/\\\/zoldfas.hu\\\/?p=1492#breadcrumb\"},\"inLanguage\":\"hu\",\"potentialAction\":[{\"@type\":\"ReadAction\",\"target\":[\"https:\\\/\\\/zoldfas.hu\\\/?p=1492\"]}]},{\"@type\":\"ImageObject\",\"inLanguage\":\"hu\",\"@id\":\"https:\\\/\\\/zoldfas.hu\\\/?p=1492#primaryimage\",\"url\":\"https:\\\/\\\/zoldfas.hu\\\/wp-content\\\/uploads\\\/2025\\\/09\\\/2025.-okt.-10-12-scaled.jpg\",\"contentUrl\":\"https:\\\/\\\/zoldfas.hu\\\/wp-content\\\/uploads\\\/2025\\\/09\\\/2025.-okt.-10-12-scaled.jpg\",\"width\":1810,\"height\":2560},{\"@type\":\"BreadcrumbList\",\"@id\":\"https:\\\/\\\/zoldfas.hu\\\/?p=1492#breadcrumb\",\"itemListElement\":[{\"@type\":\"ListItem\",\"position\":1,\"name\":\"Kezd\u0151lap\",\"item\":\"https:\\\/\\\/zoldfas.hu\\\/\"},{\"@type\":\"ListItem\",\"position\":2,\"name\":\"\u201e\u00c9leszd fel rem\u00e9nyed&#8230;\u201d (B\u00e1r 4,5) lelkigyakorlat\"}]},{\"@type\":\"WebSite\",\"@id\":\"https:\\\/\\\/zoldfas.hu\\\/#website\",\"url\":\"https:\\\/\\\/zoldfas.hu\\\/\",\"name\":\"Z\u00f6ldf\u00e1s\",\"description\":\"Z\u00f6ldf\u00e1s Lelkigyakorlatos H\u00e1z \u00e9s Ifj\u00fas\u00e1gi T\u00e1borhelysz\u00edn\",\"publisher\":{\"@id\":\"https:\\\/\\\/zoldfas.hu\\\/#organization\"},\"potentialAction\":[{\"@type\":\"SearchAction\",\"target\":{\"@type\":\"EntryPoint\",\"urlTemplate\":\"https:\\\/\\\/zoldfas.hu\\\/?s={search_term_string}\"},\"query-input\":{\"@type\":\"PropertyValueSpecification\",\"valueRequired\":true,\"valueName\":\"search_term_string\"}}],\"inLanguage\":\"hu\"},{\"@type\":\"Organization\",\"@id\":\"https:\\\/\\\/zoldfas.hu\\\/#organization\",\"name\":\"SZEKI\",\"url\":\"https:\\\/\\\/zoldfas.hu\\\/\",\"logo\":{\"@type\":\"ImageObject\",\"inLanguage\":\"hu\",\"@id\":\"https:\\\/\\\/zoldfas.hu\\\/#\\\/schema\\\/logo\\\/image\\\/\",\"url\":\"https:\\\/\\\/zoldfas.hu\\\/wp-content\\\/uploads\\\/2024\\\/03\\\/kateklogo-2023_logo-1.png\",\"contentUrl\":\"https:\\\/\\\/zoldfas.hu\\\/wp-content\\\/uploads\\\/2024\\\/03\\\/kateklogo-2023_logo-1.png\",\"width\":591,\"height\":591,\"caption\":\"SZEKI\"},\"image\":{\"@id\":\"https:\\\/\\\/zoldfas.hu\\\/#\\\/schema\\\/logo\\\/image\\\/\"},\"sameAs\":[\"https:\\\/\\\/www.facebook.com\\\/zoldfas\"]},{\"@type\":\"Person\",\"@id\":\"https:\\\/\\\/zoldfas.hu\\\/#\\\/schema\\\/person\\\/267150d2e65a8ef1e4c679f526092f7c\",\"name\":\"admin\",\"sameAs\":[\"https:\\\/\\\/zoldfas.hu\"],\"url\":\"https:\\\/\\\/zoldfas.hu\\\/?author=1\"}]}<\/script>\n<!-- \/ Yoast SEO plugin. -->","yoast_head_json":{"title":"\u201e\u00c9leszd fel rem\u00e9nyed...\u201d (B\u00e1r 4,5) lelkigyakorlat - Z\u00f6ldf\u00e1s Lelkigyakorlatos H\u00e1z \u00e9s Ifj\u00fas\u00e1gi T\u00e1borhelysz\u00edn","robots":{"index":"index","follow":"follow","max-snippet":"max-snippet:-1","max-image-preview":"max-image-preview:large","max-video-preview":"max-video-preview:-1"},"canonical":"https:\/\/zoldfas.hu\/?p=1492","og_locale":"hu_HU","og_type":"article","og_title":"\u201e\u00c9leszd fel rem\u00e9nyed...\u201d (B\u00e1r 4,5) lelkigyakorlat - Z\u00f6ldf\u00e1s Lelkigyakorlatos H\u00e1z \u00e9s Ifj\u00fas\u00e1gi T\u00e1borhelysz\u00edn","og_description":"Mott\u00f3: \u201e\u00c9leszd fel rem\u00e9nyed&#8230;\u201d (B\u00e1r 4,5) Sok szeretettel h\u00edvunk \u00e9s v\u00e1runk mindenkit a silentium jegy\u00e9ben zajl\u00f3 lelkigyakorlatunkra, ahol a csend, az ima \u00e9s az Istennel val\u00f3 tal\u00e1lkoz\u00e1s aj\u00e1nd\u00e9ka k\u00e9pes \u00fajj\u00e1\u00e9leszteni sz\u00edv\u00fcnkben a rem\u00e9nyt. Ezen a h\u00e9tv\u00e9g\u00e9n minden perc imaid\u0151v\u00e9 v\u00e1lhat, ak\u00e1r csendben s\u00e9t\u00e1lunk, ak\u00e1r megpihen\u00fcnk, hiszen Isten b\u00e1rmikor megsz\u00f3l\u00edthat benn\u00fcnket. A lelkigyakorlatot vezeti:\u00a0Ver\u00e9b L\u00e1szl\u00f3 atya\u00a0(Szent&hellip; Read more","og_url":"https:\/\/zoldfas.hu\/?p=1492","og_site_name":"Z\u00f6ldf\u00e1s Lelkigyakorlatos H\u00e1z \u00e9s Ifj\u00fas\u00e1gi T\u00e1borhelysz\u00edn","article_publisher":"https:\/\/www.facebook.com\/zoldfas","article_published_time":"2025-09-05T11:12:00+00:00","article_modified_time":"2025-09-05T11:48:36+00:00","og_image":[{"width":1810,"height":2560,"url":"https:\/\/zoldfas.hu\/wp-content\/uploads\/2025\/09\/2025.-okt.-10-12-scaled.jpg","type":"image\/jpeg"}],"author":"admin","twitter_card":"summary_large_image","twitter_misc":{"Szerz\u0151:":"admin","Becs\u00fclt olvas\u00e1si id\u0151":"1 perc"},"schema":{"@context":"https:\/\/schema.org","@graph":[{"@type":"Article","@id":"https:\/\/zoldfas.hu\/?p=1492#article","isPartOf":{"@id":"https:\/\/zoldfas.hu\/?p=1492"},"author":{"name":"admin","@id":"https:\/\/zoldfas.hu\/#\/schema\/person\/267150d2e65a8ef1e4c679f526092f7c"},"headline":"\u201e\u00c9leszd fel rem\u00e9nyed&#8230;\u201d (B\u00e1r 4,5) lelkigyakorlat","datePublished":"2025-09-05T11:12:00+00:00","dateModified":"2025-09-05T11:48:36+00:00","mainEntityOfPage":{"@id":"https:\/\/zoldfas.hu\/?p=1492"},"wordCount":174,"publisher":{"@id":"https:\/\/zoldfas.hu\/#organization"},"image":{"@id":"https:\/\/zoldfas.hu\/?p=1492#primaryimage"},"thumbnailUrl":"https:\/\/zoldfas.hu\/wp-content\/uploads\/2025\/09\/2025.-okt.-10-12-scaled.jpg","articleSection":["Uncategorized"],"inLanguage":"hu"},{"@type":"WebPage","@id":"https:\/\/zoldfas.hu\/?p=1492","url":"https:\/\/zoldfas.hu\/?p=1492","name":"\u201e\u00c9leszd fel rem\u00e9nyed...\u201d (B\u00e1r 4,5) lelkigyakorlat - Z\u00f6ldf\u00e1s Lelkigyakorlatos H\u00e1z \u00e9s Ifj\u00fas\u00e1gi T\u00e1borhelysz\u00edn","isPartOf":{"@id":"https:\/\/zoldfas.hu\/#website"},"primaryImageOfPage":{"@id":"https:\/\/zoldfas.hu\/?p=1492#primaryimage"},"image":{"@id":"https:\/\/zoldfas.hu\/?p=1492#primaryimage"},"thumbnailUrl":"https:\/\/zoldfas.hu\/wp-content\/uploads\/2025\/09\/2025.-okt.-10-12-scaled.jpg","datePublished":"2025-09-05T11:12:00+00:00","dateModified":"2025-09-05T11:48:36+00:00","breadcrumb":{"@id":"https:\/\/zoldfas.hu\/?p=1492#breadcrumb"},"inLanguage":"hu","potentialAction":[{"@type":"ReadAction","target":["https:\/\/zoldfas.hu\/?p=1492"]}]},{"@type":"ImageObject","inLanguage":"hu","@id":"https:\/\/zoldfas.hu\/?p=1492#primaryimage","url":"https:\/\/zoldfas.hu\/wp-content\/uploads\/2025\/09\/2025.-okt.-10-12-scaled.jpg","contentUrl":"https:\/\/zoldfas.hu\/wp-content\/uploads\/2025\/09\/2025.-okt.-10-12-scaled.jpg","width":1810,"height":2560},{"@type":"BreadcrumbList","@id":"https:\/\/zoldfas.hu\/?p=1492#breadcrumb","itemListElement":[{"@type":"ListItem","position":1,"name":"Kezd\u0151lap","item":"https:\/\/zoldfas.hu\/"},{"@type":"ListItem","position":2,"name":"\u201e\u00c9leszd fel rem\u00e9nyed&#8230;\u201d (B\u00e1r 4,5) lelkigyakorlat"}]},{"@type":"WebSite","@id":"https:\/\/zoldfas.hu\/#website","url":"https:\/\/zoldfas.hu\/","name":"Z\u00f6ldf\u00e1s","description":"Z\u00f6ldf\u00e1s Lelkigyakorlatos H\u00e1z \u00e9s Ifj\u00fas\u00e1gi T\u00e1borhelysz\u00edn","publisher":{"@id":"https:\/\/zoldfas.hu\/#organization"},"potentialAction":[{"@type":"SearchAction","target":{"@type":"EntryPoint","urlTemplate":"https:\/\/zoldfas.hu\/?s={search_term_string}"},"query-input":{"@type":"PropertyValueSpecification","valueRequired":true,"valueName":"search_term_string"}}],"inLanguage":"hu"},{"@type":"Organization","@id":"https:\/\/zoldfas.hu\/#organization","name":"SZEKI","url":"https:\/\/zoldfas.hu\/","logo":{"@type":"ImageObject","inLanguage":"hu","@id":"https:\/\/zoldfas.hu\/#\/schema\/logo\/image\/","url":"https:\/\/zoldfas.hu\/wp-content\/uploads\/2024\/03\/kateklogo-2023_logo-1.png","contentUrl":"https:\/\/zoldfas.hu\/wp-content\/uploads\/2024\/03\/kateklogo-2023_logo-1.png","width":591,"height":591,"caption":"SZEKI"},"image":{"@id":"https:\/\/zoldfas.hu\/#\/schema\/logo\/image\/"},"sameAs":["https:\/\/www.facebook.com\/zoldfas"]},{"@type":"Person","@id":"https:\/\/zoldfas.hu\/#\/schema\/person\/267150d2e65a8ef1e4c679f526092f7c","name":"admin","sameAs":["https:\/\/zoldfas.hu"],"url":"https:\/\/zoldfas.hu\/?author=1"}]}},"_links":{"self":[{"href":"https:\/\/zoldfas.hu\/index.php?rest_route=\/wp\/v2\/posts\/1492","targetHints":{"allow":["GET"]}}],"collection":[{"href":"https:\/\/zoldfas.hu\/index.php?rest_route=\/wp\/v2\/posts"}],"about":[{"href":"https:\/\/zoldfas.hu\/index.php?rest_route=\/wp\/v2\/types\/post"}],"author":[{"embeddable":true,"href":"https:\/\/zoldfas.hu\/index.php?rest_route=\/wp\/v2\/users\/1"}],"replies":[{"embeddable":true,"href":"https:\/\/zoldfas.hu\/index.php?rest_route=%2Fwp%2Fv2%2Fcomments&post=1492"}],"version-history":[{"count":5,"href":"https:\/\/zoldfas.hu\/index.php?rest_route=\/wp\/v2\/posts\/1492\/revisions"}],"predecessor-version":[{"id":1503,"href":"https:\/\/zoldfas.hu\/index.php?rest_route=\/wp\/v2\/posts\/1492\/revisions\/1503"}],"wp:featuredmedia":[{"embeddable":true,"href":"https:\/\/zoldfas.hu\/index.php?rest_route=\/wp\/v2\/media\/1495"}],"wp:attachment":[{"href":"https:\/\/zoldfas.hu\/index.php?rest_route=%2Fwp%2Fv2%2Fmedia&parent=1492"}],"wp:term":[{"taxonomy":"category","embeddable":true,"href":"https:\/\/zoldfas.hu\/index.php?rest_route=%2Fwp%2Fv2%2Fcategories&post=1492"},{"taxonomy":"post_tag","embeddable":true,"href":"https:\/\/zoldfas.hu\/index.php?rest_route=%2Fwp%2Fv2%2Ftags&post=1492"}],"curies":[{"name":"wp","href":"https:\/\/api.w.org\/{rel}","templated":true}]}}