{"id":1543,"date":"2025-10-21T11:48:09","date_gmt":"2025-10-21T11:48:09","guid":{"rendered":"https:\/\/zoldfas.hu\/?p=1543"},"modified":"2025-10-22T08:35:09","modified_gmt":"2025-10-22T08:35:09","slug":"adventi-csendes-lelkigyakorlat","status":"publish","type":"post","link":"https:\/\/zoldfas.hu\/?p=1543","title":{"rendered":"ADVENTI csendes lelkigyakorlat"},"content":{"rendered":"\n<p>\u201eBoldogok mind, akik benne b\u00edznak.\u201d (Iz 30,18)<\/p>\n\n\n\n<p>Ez a lelkigyakorlat a bizalom \u00e9s a <strong>csend<\/strong> \u00f6sv\u00e9ny\u00e9n vezet benn\u00fcnket. Az elm\u00e9ly\u00fcl\u00e9s, az ima \u00e9s az Istennel val\u00f3 tal\u00e1lkoz\u00e1s ideje ez, amikor \u00fajra felfedezhetj\u00fck a rem\u00e9ny forr\u00e1s\u00e1t. <\/p>\n\n\n\n<p>A lelkigyakorlatot vezeti:&nbsp;<strong>Ver\u00e9b L\u00e1szl\u00f3 atya<\/strong>&nbsp;(Szent Gell\u00e9rt szemin\u00e1rium spiritu\u00e1lisa) \u00e9s&nbsp;<strong>Czak\u00f3 \u00c1gnes n\u0151v\u00e9r&nbsp;<\/strong>(Seg\u00edt\u0151 N\u0151v\u00e9rek Kongreg\u00e1ci\u00f3ja)<\/p>\n\n\n\n<p>Maximum <strong>12 f\u0151<\/strong> jelentkez\u00e9s\u00e9t tudjuk fogadni.<\/p>\n\n\n\n<p>Id\u0151pont:&nbsp;<strong>2025. december 5-7.<\/strong><\/p>\n\n\n\n<p>Jelentkez\u00e9si hat\u00e1rid\u0151: <strong>2025. november 30.<\/strong><\/p>\n\n\n\n<p>R\u00e9szv\u00e9teli d\u00edj:&nbsp;<strong>35.000 Ft \/ f\u0151<\/strong>&nbsp;(tartalmazza a lelkigyakorlaton val\u00f3 r\u00e9szv\u00e9telt, sz\u00e1ll\u00e1st 2 \u00e9jszak\u00e1ra, \u00e1gynem\u0171haszn\u00e1latot \u00e9s az \u00e9tkez\u00e9seket)<\/p>\n\n\n\n<p>Helysz\u00edn:&nbsp;<strong>Z\u00f6ldf\u00e1s Lelkigyakorlatos H\u00e1z<\/strong><\/p>\n\n\n\n<p>Jelentkezni&nbsp;<strong><a href=\"https:\/\/forms.gle\/9UDHSFpfx1sS6bJ8A\" target=\"_blank\" rel=\"noreferrer noopener\">ITT<\/a>&nbsp;<\/strong>lehet.<\/p>\n\n\n\n<p>\u00c9rdekl\u0151d\u00e9s:<\/p>\n\n\n\n<ul class=\"wp-block-list\">\n<li>info@zoldfas.hu<\/li>\n<\/ul>\n","protected":false},"excerpt":{"rendered":"<p>\u201eBoldogok mind, akik benne b\u00edznak.\u201d (Iz 30,18) Ez a lelkigyakorlat a bizalom \u00e9s a csend \u00f6sv\u00e9ny\u00e9n vezet benn\u00fcnket. Az elm\u00e9ly\u00fcl\u00e9s, az ima \u00e9s az Istennel val\u00f3 tal\u00e1lkoz\u00e1s ideje ez, amikor \u00fajra felfedezhetj\u00fck a rem\u00e9ny forr\u00e1s\u00e1t. A lelkigyakorlatot vezeti:&nbsp;Ver\u00e9b L\u00e1szl\u00f3 atya&nbsp;(Szent Gell\u00e9rt szemin\u00e1rium spiritu\u00e1lisa) \u00e9s&nbsp;Czak\u00f3 \u00c1gnes n\u0151v\u00e9r&nbsp;(Seg\u00edt\u0151 N\u0151v\u00e9rek Kongreg\u00e1ci\u00f3ja) Maximum 12 f\u0151 jelentkez\u00e9s\u00e9t tudjuk fogadni. Id\u0151pont:&nbsp;2025.&hellip; <br \/> <a class=\"read-more\" href=\"https:\/\/zoldfas.hu\/?p=1543\">Read more<\/a><\/p>\n","protected":false},"author":1,"featured_media":1539,"comment_status":"closed","ping_status":"closed","sticky":false,"template":"","format":"standard","meta":{"ngg_post_thumbnail":0,"footnotes":""},"categories":[1],"tags":[],"class_list":["post-1543","post","type-post","status-publish","format-standard","has-post-thumbnail","hentry","category-uncategorized"],"yoast_head":"<!-- This site is optimized with the Yoast SEO plugin v27.5 - https:\/\/yoast.com\/product\/yoast-seo-wordpress\/ -->\n<title>ADVENTI csendes lelkigyakorlat - Z\u00f6ldf\u00e1s Lelkigyakorlatos H\u00e1z \u00e9s Ifj\u00fas\u00e1gi T\u00e1borhelysz\u00edn<\/title>\n<meta name=\"robots\" content=\"index, follow, max-snippet:-1, max-image-preview:large, max-video-preview:-1\" \/>\n<link rel=\"canonical\" href=\"https:\/\/zoldfas.hu\/?p=1543\" \/>\n<meta property=\"og:locale\" content=\"hu_HU\" \/>\n<meta property=\"og:type\" content=\"article\" \/>\n<meta property=\"og:title\" content=\"ADVENTI csendes lelkigyakorlat - Z\u00f6ldf\u00e1s Lelkigyakorlatos H\u00e1z \u00e9s Ifj\u00fas\u00e1gi T\u00e1borhelysz\u00edn\" \/>\n<meta property=\"og:description\" content=\"\u201eBoldogok mind, akik benne b\u00edznak.\u201d (Iz 30,18) Ez a lelkigyakorlat a bizalom \u00e9s a csend \u00f6sv\u00e9ny\u00e9n vezet benn\u00fcnket. Az elm\u00e9ly\u00fcl\u00e9s, az ima \u00e9s az Istennel val\u00f3 tal\u00e1lkoz\u00e1s ideje ez, amikor \u00fajra felfedezhetj\u00fck a rem\u00e9ny forr\u00e1s\u00e1t. A lelkigyakorlatot vezeti:&nbsp;Ver\u00e9b L\u00e1szl\u00f3 atya&nbsp;(Szent Gell\u00e9rt szemin\u00e1rium spiritu\u00e1lisa) \u00e9s&nbsp;Czak\u00f3 \u00c1gnes n\u0151v\u00e9r&nbsp;(Seg\u00edt\u0151 N\u0151v\u00e9rek Kongreg\u00e1ci\u00f3ja) Maximum 12 f\u0151 jelentkez\u00e9s\u00e9t tudjuk fogadni. Id\u0151pont:&nbsp;2025.&hellip; Read more\" \/>\n<meta property=\"og:url\" content=\"https:\/\/zoldfas.hu\/?p=1543\" \/>\n<meta property=\"og:site_name\" content=\"Z\u00f6ldf\u00e1s Lelkigyakorlatos H\u00e1z \u00e9s Ifj\u00fas\u00e1gi T\u00e1borhelysz\u00edn\" \/>\n<meta property=\"article:publisher\" content=\"https:\/\/www.facebook.com\/zoldfas\" \/>\n<meta property=\"article:published_time\" content=\"2025-10-21T11:48:09+00:00\" \/>\n<meta property=\"article:modified_time\" content=\"2025-10-22T08:35:09+00:00\" \/>\n<meta property=\"og:image\" content=\"https:\/\/zoldfas.hu\/wp-content\/uploads\/2024\/08\/Adventi-Lelkigyakorlat-2025.-dec.-5-7-scaled.jpg\" \/>\n\t<meta property=\"og:image:width\" content=\"1810\" \/>\n\t<meta property=\"og:image:height\" content=\"2560\" \/>\n\t<meta property=\"og:image:type\" content=\"image\/jpeg\" \/>\n<meta name=\"author\" content=\"admin\" \/>\n<meta name=\"twitter:card\" content=\"summary_large_image\" \/>\n<meta name=\"twitter:label1\" content=\"Szerz\u0151:\" \/>\n\t<meta name=\"twitter:data1\" content=\"admin\" \/>\n\t<meta name=\"twitter:label2\" content=\"Becs\u00fclt olvas\u00e1si id\u0151\" \/>\n\t<meta name=\"twitter:data2\" content=\"1 perc\" \/>\n<script type=\"application\/ld+json\" class=\"yoast-schema-graph\">{\"@context\":\"https:\\\/\\\/schema.org\",\"@graph\":[{\"@type\":\"Article\",\"@id\":\"https:\\\/\\\/zoldfas.hu\\\/?p=1543#article\",\"isPartOf\":{\"@id\":\"https:\\\/\\\/zoldfas.hu\\\/?p=1543\"},\"author\":{\"name\":\"admin\",\"@id\":\"https:\\\/\\\/zoldfas.hu\\\/#\\\/schema\\\/person\\\/267150d2e65a8ef1e4c679f526092f7c\"},\"headline\":\"ADVENTI csendes lelkigyakorlat\",\"datePublished\":\"2025-10-21T11:48:09+00:00\",\"dateModified\":\"2025-10-22T08:35:09+00:00\",\"mainEntityOfPage\":{\"@id\":\"https:\\\/\\\/zoldfas.hu\\\/?p=1543\"},\"wordCount\":148,\"publisher\":{\"@id\":\"https:\\\/\\\/zoldfas.hu\\\/#organization\"},\"image\":{\"@id\":\"https:\\\/\\\/zoldfas.hu\\\/?p=1543#primaryimage\"},\"thumbnailUrl\":\"https:\\\/\\\/zoldfas.hu\\\/wp-content\\\/uploads\\\/2024\\\/08\\\/Adventi-Lelkigyakorlat-2025.-dec.-5-7-scaled.jpg\",\"articleSection\":[\"Uncategorized\"],\"inLanguage\":\"hu\"},{\"@type\":\"WebPage\",\"@id\":\"https:\\\/\\\/zoldfas.hu\\\/?p=1543\",\"url\":\"https:\\\/\\\/zoldfas.hu\\\/?p=1543\",\"name\":\"ADVENTI csendes lelkigyakorlat - Z\u00f6ldf\u00e1s Lelkigyakorlatos H\u00e1z \u00e9s Ifj\u00fas\u00e1gi T\u00e1borhelysz\u00edn\",\"isPartOf\":{\"@id\":\"https:\\\/\\\/zoldfas.hu\\\/#website\"},\"primaryImageOfPage\":{\"@id\":\"https:\\\/\\\/zoldfas.hu\\\/?p=1543#primaryimage\"},\"image\":{\"@id\":\"https:\\\/\\\/zoldfas.hu\\\/?p=1543#primaryimage\"},\"thumbnailUrl\":\"https:\\\/\\\/zoldfas.hu\\\/wp-content\\\/uploads\\\/2024\\\/08\\\/Adventi-Lelkigyakorlat-2025.-dec.-5-7-scaled.jpg\",\"datePublished\":\"2025-10-21T11:48:09+00:00\",\"dateModified\":\"2025-10-22T08:35:09+00:00\",\"breadcrumb\":{\"@id\":\"https:\\\/\\\/zoldfas.hu\\\/?p=1543#breadcrumb\"},\"inLanguage\":\"hu\",\"potentialAction\":[{\"@type\":\"ReadAction\",\"target\":[\"https:\\\/\\\/zoldfas.hu\\\/?p=1543\"]}]},{\"@type\":\"ImageObject\",\"inLanguage\":\"hu\",\"@id\":\"https:\\\/\\\/zoldfas.hu\\\/?p=1543#primaryimage\",\"url\":\"https:\\\/\\\/zoldfas.hu\\\/wp-content\\\/uploads\\\/2024\\\/08\\\/Adventi-Lelkigyakorlat-2025.-dec.-5-7-scaled.jpg\",\"contentUrl\":\"https:\\\/\\\/zoldfas.hu\\\/wp-content\\\/uploads\\\/2024\\\/08\\\/Adventi-Lelkigyakorlat-2025.-dec.-5-7-scaled.jpg\",\"width\":1810,\"height\":2560},{\"@type\":\"BreadcrumbList\",\"@id\":\"https:\\\/\\\/zoldfas.hu\\\/?p=1543#breadcrumb\",\"itemListElement\":[{\"@type\":\"ListItem\",\"position\":1,\"name\":\"Kezd\u0151lap\",\"item\":\"https:\\\/\\\/zoldfas.hu\\\/\"},{\"@type\":\"ListItem\",\"position\":2,\"name\":\"ADVENTI csendes lelkigyakorlat\"}]},{\"@type\":\"WebSite\",\"@id\":\"https:\\\/\\\/zoldfas.hu\\\/#website\",\"url\":\"https:\\\/\\\/zoldfas.hu\\\/\",\"name\":\"Z\u00f6ldf\u00e1s\",\"description\":\"Z\u00f6ldf\u00e1s Lelkigyakorlatos H\u00e1z \u00e9s Ifj\u00fas\u00e1gi T\u00e1borhelysz\u00edn\",\"publisher\":{\"@id\":\"https:\\\/\\\/zoldfas.hu\\\/#organization\"},\"potentialAction\":[{\"@type\":\"SearchAction\",\"target\":{\"@type\":\"EntryPoint\",\"urlTemplate\":\"https:\\\/\\\/zoldfas.hu\\\/?s={search_term_string}\"},\"query-input\":{\"@type\":\"PropertyValueSpecification\",\"valueRequired\":true,\"valueName\":\"search_term_string\"}}],\"inLanguage\":\"hu\"},{\"@type\":\"Organization\",\"@id\":\"https:\\\/\\\/zoldfas.hu\\\/#organization\",\"name\":\"SZEKI\",\"url\":\"https:\\\/\\\/zoldfas.hu\\\/\",\"logo\":{\"@type\":\"ImageObject\",\"inLanguage\":\"hu\",\"@id\":\"https:\\\/\\\/zoldfas.hu\\\/#\\\/schema\\\/logo\\\/image\\\/\",\"url\":\"https:\\\/\\\/zoldfas.hu\\\/wp-content\\\/uploads\\\/2024\\\/03\\\/kateklogo-2023_logo-1.png\",\"contentUrl\":\"https:\\\/\\\/zoldfas.hu\\\/wp-content\\\/uploads\\\/2024\\\/03\\\/kateklogo-2023_logo-1.png\",\"width\":591,\"height\":591,\"caption\":\"SZEKI\"},\"image\":{\"@id\":\"https:\\\/\\\/zoldfas.hu\\\/#\\\/schema\\\/logo\\\/image\\\/\"},\"sameAs\":[\"https:\\\/\\\/www.facebook.com\\\/zoldfas\"]},{\"@type\":\"Person\",\"@id\":\"https:\\\/\\\/zoldfas.hu\\\/#\\\/schema\\\/person\\\/267150d2e65a8ef1e4c679f526092f7c\",\"name\":\"admin\",\"sameAs\":[\"https:\\\/\\\/zoldfas.hu\"],\"url\":\"https:\\\/\\\/zoldfas.hu\\\/?author=1\"}]}<\/script>\n<!-- \/ Yoast SEO plugin. -->","yoast_head_json":{"title":"ADVENTI csendes lelkigyakorlat - Z\u00f6ldf\u00e1s Lelkigyakorlatos H\u00e1z \u00e9s Ifj\u00fas\u00e1gi T\u00e1borhelysz\u00edn","robots":{"index":"index","follow":"follow","max-snippet":"max-snippet:-1","max-image-preview":"max-image-preview:large","max-video-preview":"max-video-preview:-1"},"canonical":"https:\/\/zoldfas.hu\/?p=1543","og_locale":"hu_HU","og_type":"article","og_title":"ADVENTI csendes lelkigyakorlat - Z\u00f6ldf\u00e1s Lelkigyakorlatos H\u00e1z \u00e9s Ifj\u00fas\u00e1gi T\u00e1borhelysz\u00edn","og_description":"\u201eBoldogok mind, akik benne b\u00edznak.\u201d (Iz 30,18) Ez a lelkigyakorlat a bizalom \u00e9s a csend \u00f6sv\u00e9ny\u00e9n vezet benn\u00fcnket. Az elm\u00e9ly\u00fcl\u00e9s, az ima \u00e9s az Istennel val\u00f3 tal\u00e1lkoz\u00e1s ideje ez, amikor \u00fajra felfedezhetj\u00fck a rem\u00e9ny forr\u00e1s\u00e1t. A lelkigyakorlatot vezeti:&nbsp;Ver\u00e9b L\u00e1szl\u00f3 atya&nbsp;(Szent Gell\u00e9rt szemin\u00e1rium spiritu\u00e1lisa) \u00e9s&nbsp;Czak\u00f3 \u00c1gnes n\u0151v\u00e9r&nbsp;(Seg\u00edt\u0151 N\u0151v\u00e9rek Kongreg\u00e1ci\u00f3ja) Maximum 12 f\u0151 jelentkez\u00e9s\u00e9t tudjuk fogadni. Id\u0151pont:&nbsp;2025.&hellip; Read more","og_url":"https:\/\/zoldfas.hu\/?p=1543","og_site_name":"Z\u00f6ldf\u00e1s Lelkigyakorlatos H\u00e1z \u00e9s Ifj\u00fas\u00e1gi T\u00e1borhelysz\u00edn","article_publisher":"https:\/\/www.facebook.com\/zoldfas","article_published_time":"2025-10-21T11:48:09+00:00","article_modified_time":"2025-10-22T08:35:09+00:00","og_image":[{"width":1810,"height":2560,"url":"https:\/\/zoldfas.hu\/wp-content\/uploads\/2024\/08\/Adventi-Lelkigyakorlat-2025.-dec.-5-7-scaled.jpg","type":"image\/jpeg"}],"author":"admin","twitter_card":"summary_large_image","twitter_misc":{"Szerz\u0151:":"admin","Becs\u00fclt olvas\u00e1si id\u0151":"1 perc"},"schema":{"@context":"https:\/\/schema.org","@graph":[{"@type":"Article","@id":"https:\/\/zoldfas.hu\/?p=1543#article","isPartOf":{"@id":"https:\/\/zoldfas.hu\/?p=1543"},"author":{"name":"admin","@id":"https:\/\/zoldfas.hu\/#\/schema\/person\/267150d2e65a8ef1e4c679f526092f7c"},"headline":"ADVENTI csendes lelkigyakorlat","datePublished":"2025-10-21T11:48:09+00:00","dateModified":"2025-10-22T08:35:09+00:00","mainEntityOfPage":{"@id":"https:\/\/zoldfas.hu\/?p=1543"},"wordCount":148,"publisher":{"@id":"https:\/\/zoldfas.hu\/#organization"},"image":{"@id":"https:\/\/zoldfas.hu\/?p=1543#primaryimage"},"thumbnailUrl":"https:\/\/zoldfas.hu\/wp-content\/uploads\/2024\/08\/Adventi-Lelkigyakorlat-2025.-dec.-5-7-scaled.jpg","articleSection":["Uncategorized"],"inLanguage":"hu"},{"@type":"WebPage","@id":"https:\/\/zoldfas.hu\/?p=1543","url":"https:\/\/zoldfas.hu\/?p=1543","name":"ADVENTI csendes lelkigyakorlat - Z\u00f6ldf\u00e1s Lelkigyakorlatos H\u00e1z \u00e9s Ifj\u00fas\u00e1gi T\u00e1borhelysz\u00edn","isPartOf":{"@id":"https:\/\/zoldfas.hu\/#website"},"primaryImageOfPage":{"@id":"https:\/\/zoldfas.hu\/?p=1543#primaryimage"},"image":{"@id":"https:\/\/zoldfas.hu\/?p=1543#primaryimage"},"thumbnailUrl":"https:\/\/zoldfas.hu\/wp-content\/uploads\/2024\/08\/Adventi-Lelkigyakorlat-2025.-dec.-5-7-scaled.jpg","datePublished":"2025-10-21T11:48:09+00:00","dateModified":"2025-10-22T08:35:09+00:00","breadcrumb":{"@id":"https:\/\/zoldfas.hu\/?p=1543#breadcrumb"},"inLanguage":"hu","potentialAction":[{"@type":"ReadAction","target":["https:\/\/zoldfas.hu\/?p=1543"]}]},{"@type":"ImageObject","inLanguage":"hu","@id":"https:\/\/zoldfas.hu\/?p=1543#primaryimage","url":"https:\/\/zoldfas.hu\/wp-content\/uploads\/2024\/08\/Adventi-Lelkigyakorlat-2025.-dec.-5-7-scaled.jpg","contentUrl":"https:\/\/zoldfas.hu\/wp-content\/uploads\/2024\/08\/Adventi-Lelkigyakorlat-2025.-dec.-5-7-scaled.jpg","width":1810,"height":2560},{"@type":"BreadcrumbList","@id":"https:\/\/zoldfas.hu\/?p=1543#breadcrumb","itemListElement":[{"@type":"ListItem","position":1,"name":"Kezd\u0151lap","item":"https:\/\/zoldfas.hu\/"},{"@type":"ListItem","position":2,"name":"ADVENTI csendes lelkigyakorlat"}]},{"@type":"WebSite","@id":"https:\/\/zoldfas.hu\/#website","url":"https:\/\/zoldfas.hu\/","name":"Z\u00f6ldf\u00e1s","description":"Z\u00f6ldf\u00e1s Lelkigyakorlatos H\u00e1z \u00e9s Ifj\u00fas\u00e1gi T\u00e1borhelysz\u00edn","publisher":{"@id":"https:\/\/zoldfas.hu\/#organization"},"potentialAction":[{"@type":"SearchAction","target":{"@type":"EntryPoint","urlTemplate":"https:\/\/zoldfas.hu\/?s={search_term_string}"},"query-input":{"@type":"PropertyValueSpecification","valueRequired":true,"valueName":"search_term_string"}}],"inLanguage":"hu"},{"@type":"Organization","@id":"https:\/\/zoldfas.hu\/#organization","name":"SZEKI","url":"https:\/\/zoldfas.hu\/","logo":{"@type":"ImageObject","inLanguage":"hu","@id":"https:\/\/zoldfas.hu\/#\/schema\/logo\/image\/","url":"https:\/\/zoldfas.hu\/wp-content\/uploads\/2024\/03\/kateklogo-2023_logo-1.png","contentUrl":"https:\/\/zoldfas.hu\/wp-content\/uploads\/2024\/03\/kateklogo-2023_logo-1.png","width":591,"height":591,"caption":"SZEKI"},"image":{"@id":"https:\/\/zoldfas.hu\/#\/schema\/logo\/image\/"},"sameAs":["https:\/\/www.facebook.com\/zoldfas"]},{"@type":"Person","@id":"https:\/\/zoldfas.hu\/#\/schema\/person\/267150d2e65a8ef1e4c679f526092f7c","name":"admin","sameAs":["https:\/\/zoldfas.hu"],"url":"https:\/\/zoldfas.hu\/?author=1"}]}},"_links":{"self":[{"href":"https:\/\/zoldfas.hu\/index.php?rest_route=\/wp\/v2\/posts\/1543","targetHints":{"allow":["GET"]}}],"collection":[{"href":"https:\/\/zoldfas.hu\/index.php?rest_route=\/wp\/v2\/posts"}],"about":[{"href":"https:\/\/zoldfas.hu\/index.php?rest_route=\/wp\/v2\/types\/post"}],"author":[{"embeddable":true,"href":"https:\/\/zoldfas.hu\/index.php?rest_route=\/wp\/v2\/users\/1"}],"replies":[{"embeddable":true,"href":"https:\/\/zoldfas.hu\/index.php?rest_route=%2Fwp%2Fv2%2Fcomments&post=1543"}],"version-history":[{"count":2,"href":"https:\/\/zoldfas.hu\/index.php?rest_route=\/wp\/v2\/posts\/1543\/revisions"}],"predecessor-version":[{"id":1550,"href":"https:\/\/zoldfas.hu\/index.php?rest_route=\/wp\/v2\/posts\/1543\/revisions\/1550"}],"wp:featuredmedia":[{"embeddable":true,"href":"https:\/\/zoldfas.hu\/index.php?rest_route=\/wp\/v2\/media\/1539"}],"wp:attachment":[{"href":"https:\/\/zoldfas.hu\/index.php?rest_route=%2Fwp%2Fv2%2Fmedia&parent=1543"}],"wp:term":[{"taxonomy":"category","embeddable":true,"href":"https:\/\/zoldfas.hu\/index.php?rest_route=%2Fwp%2Fv2%2Fcategories&post=1543"},{"taxonomy":"post_tag","embeddable":true,"href":"https:\/\/zoldfas.hu\/index.php?rest_route=%2Fwp%2Fv2%2Ftags&post=1543"}],"curies":[{"name":"wp","href":"https:\/\/api.w.org\/{rel}","templated":true}]}}