{"id":1552,"date":"2025-11-05T09:50:52","date_gmt":"2025-11-05T09:50:52","guid":{"rendered":"https:\/\/zoldfas.hu\/?p=1552"},"modified":"2025-11-06T08:26:08","modified_gmt":"2025-11-06T08:26:08","slug":"adventre-hangolo-lelkigyakorlat","status":"publish","type":"post","link":"https:\/\/zoldfas.hu\/?p=1552","title":{"rendered":"ADVENTRE hangol\u00f3 lelkigyakorlat"},"content":{"rendered":"\n<p>T\u00e9ma:\u00a0\u201e<strong>l\u00e9lekben \u00e9s igazs\u00e1gban<\/strong>\u201d (Jn 4,23)<\/p>\n\n\n\n<p><strong>H\u00e1romnapos bentlak\u00e1sos<\/strong> lelkigyakorlatra h\u00edvunk <strong>november 25-27<\/strong>. k\u00f6z\u00f6tt Domasz\u00e9kre, a Z\u00f6ldf\u00e1s Lelkigyakorlatos H\u00e1zba. A program sor\u00e1n <strong>elm\u00e9lked\u00e9sek, kiscsoportos megoszt\u00e1sok, interakt\u00edv foglalkoz\u00e1sok<\/strong> \u00e9s <strong>im\u00e1ds\u00e1g<\/strong> v\u00e1rja a r\u00e9sztvev\u0151ket.<\/p>\n\n\n\n<p>A lelkigyakorlatot <strong>Kardos Mih\u00e1ly atya<\/strong> fogja vezetni.<\/p>\n\n\n\n<p>Id\u0151pont:&nbsp;<strong>2025. november 25-27.<\/strong><\/p>\n\n\n\n<p>Helysz\u00edn:&nbsp;<strong>Z\u00f6ldf\u00e1s Lelkigyakorlatos H\u00e1z<\/strong><\/p>\n\n\n\n<p>Maximum <strong>24 f\u0151 <\/strong>jelentkez\u00e9s\u00e9t tudjuk fogadni.<\/p>\n\n\n\n<p>R\u00e9szv\u00e9teli d\u00edj: <strong>30.000 Ft \/ f\u0151<\/strong> (a d\u00edj tartalmazza a lelkigyakorlaton val\u00f3 r\u00e9szv\u00e9telt, sz\u00e1ll\u00e1st 2 \u00e9jszak\u00e1ra, \u00e1gynem\u0171haszn\u00e1latot \u00e9s az \u00e9tkez\u00e9st 1 f\u0151 r\u00e9sz\u00e9re)<\/p>\n\n\n\n<p><em>K\u00fcl\u00f6n\u00f6sen indokolt esetben kedvezm\u00e9nyes r\u00e9szv\u00e9teli d\u00edj is el\u00e9rhet\u0151. A kedvezm\u00e9ny \u00e9rv\u00e9nyes\u00edt\u00e9s\u00e9r\u0151l \u00e9s m\u00e9rt\u00e9k\u00e9r\u0151l e-mailben vagy telefonon lehet \u00e9rdekl\u0151dni.<\/em><\/p>\n\n\n\n<p>Jelentkezni:<\/p>\n\n\n\n<ul class=\"wp-block-list\">\n<li>Google \u0171rlap: <a href=\"https:\/\/forms.gle\/NvA2AkLywSKUe33J9\" target=\"_blank\" rel=\"noreferrer noopener\">ITT<\/a><\/li>\n\n\n\n<li>E-mailben: info@zoldfas.hu<\/li>\n\n\n\n<li>Telefonon: +36203418334<\/li>\n<\/ul>\n","protected":false},"excerpt":{"rendered":"<p>T\u00e9ma:\u00a0\u201el\u00e9lekben \u00e9s igazs\u00e1gban\u201d (Jn 4,23) H\u00e1romnapos bentlak\u00e1sos lelkigyakorlatra h\u00edvunk november 25-27. k\u00f6z\u00f6tt Domasz\u00e9kre, a Z\u00f6ldf\u00e1s Lelkigyakorlatos H\u00e1zba. A program sor\u00e1n elm\u00e9lked\u00e9sek, kiscsoportos megoszt\u00e1sok, interakt\u00edv foglalkoz\u00e1sok \u00e9s im\u00e1ds\u00e1g v\u00e1rja a r\u00e9sztvev\u0151ket. A lelkigyakorlatot Kardos Mih\u00e1ly atya fogja vezetni. Id\u0151pont:&nbsp;2025. november 25-27. Helysz\u00edn:&nbsp;Z\u00f6ldf\u00e1s Lelkigyakorlatos H\u00e1z Maximum 24 f\u0151 jelentkez\u00e9s\u00e9t tudjuk fogadni. R\u00e9szv\u00e9teli d\u00edj: 30.000 Ft \/ f\u0151&hellip; <br \/> <a class=\"read-more\" href=\"https:\/\/zoldfas.hu\/?p=1552\">Read more<\/a><\/p>\n","protected":false},"author":1,"featured_media":1553,"comment_status":"closed","ping_status":"closed","sticky":false,"template":"","format":"standard","meta":{"ngg_post_thumbnail":0,"footnotes":""},"categories":[1],"tags":[],"class_list":["post-1552","post","type-post","status-publish","format-standard","has-post-thumbnail","hentry","category-uncategorized"],"yoast_head":"<!-- This site is optimized with the Yoast SEO plugin v27.5 - https:\/\/yoast.com\/product\/yoast-seo-wordpress\/ -->\n<title>ADVENTRE hangol\u00f3 lelkigyakorlat - Z\u00f6ldf\u00e1s Lelkigyakorlatos H\u00e1z \u00e9s Ifj\u00fas\u00e1gi T\u00e1borhelysz\u00edn<\/title>\n<meta name=\"robots\" content=\"index, follow, max-snippet:-1, max-image-preview:large, max-video-preview:-1\" \/>\n<link rel=\"canonical\" href=\"https:\/\/zoldfas.hu\/?p=1552\" \/>\n<meta property=\"og:locale\" content=\"hu_HU\" \/>\n<meta property=\"og:type\" content=\"article\" \/>\n<meta property=\"og:title\" content=\"ADVENTRE hangol\u00f3 lelkigyakorlat - Z\u00f6ldf\u00e1s Lelkigyakorlatos H\u00e1z \u00e9s Ifj\u00fas\u00e1gi T\u00e1borhelysz\u00edn\" \/>\n<meta property=\"og:description\" content=\"T\u00e9ma:\u00a0\u201el\u00e9lekben \u00e9s igazs\u00e1gban\u201d (Jn 4,23) H\u00e1romnapos bentlak\u00e1sos lelkigyakorlatra h\u00edvunk november 25-27. k\u00f6z\u00f6tt Domasz\u00e9kre, a Z\u00f6ldf\u00e1s Lelkigyakorlatos H\u00e1zba. A program sor\u00e1n elm\u00e9lked\u00e9sek, kiscsoportos megoszt\u00e1sok, interakt\u00edv foglalkoz\u00e1sok \u00e9s im\u00e1ds\u00e1g v\u00e1rja a r\u00e9sztvev\u0151ket. A lelkigyakorlatot Kardos Mih\u00e1ly atya fogja vezetni. Id\u0151pont:&nbsp;2025. november 25-27. Helysz\u00edn:&nbsp;Z\u00f6ldf\u00e1s Lelkigyakorlatos H\u00e1z Maximum 24 f\u0151 jelentkez\u00e9s\u00e9t tudjuk fogadni. R\u00e9szv\u00e9teli d\u00edj: 30.000 Ft \/ f\u0151&hellip; Read more\" \/>\n<meta property=\"og:url\" content=\"https:\/\/zoldfas.hu\/?p=1552\" \/>\n<meta property=\"og:site_name\" content=\"Z\u00f6ldf\u00e1s Lelkigyakorlatos H\u00e1z \u00e9s Ifj\u00fas\u00e1gi T\u00e1borhelysz\u00edn\" \/>\n<meta property=\"article:publisher\" content=\"https:\/\/www.facebook.com\/zoldfas\" \/>\n<meta property=\"article:published_time\" content=\"2025-11-05T09:50:52+00:00\" \/>\n<meta property=\"article:modified_time\" content=\"2025-11-06T08:26:08+00:00\" \/>\n<meta property=\"og:image\" content=\"https:\/\/zoldfas.hu\/wp-content\/uploads\/2025\/11\/Adventre-hangolo-plakat.png\" \/>\n\t<meta property=\"og:image:width\" content=\"940\" \/>\n\t<meta property=\"og:image:height\" content=\"788\" \/>\n\t<meta property=\"og:image:type\" content=\"image\/png\" \/>\n<meta name=\"author\" content=\"admin\" \/>\n<meta name=\"twitter:card\" content=\"summary_large_image\" \/>\n<meta name=\"twitter:label1\" content=\"Szerz\u0151:\" \/>\n\t<meta name=\"twitter:data1\" content=\"admin\" \/>\n\t<meta name=\"twitter:label2\" content=\"Becs\u00fclt olvas\u00e1si id\u0151\" \/>\n\t<meta name=\"twitter:data2\" content=\"1 perc\" \/>\n<script type=\"application\/ld+json\" class=\"yoast-schema-graph\">{\"@context\":\"https:\\\/\\\/schema.org\",\"@graph\":[{\"@type\":\"Article\",\"@id\":\"https:\\\/\\\/zoldfas.hu\\\/?p=1552#article\",\"isPartOf\":{\"@id\":\"https:\\\/\\\/zoldfas.hu\\\/?p=1552\"},\"author\":{\"name\":\"admin\",\"@id\":\"https:\\\/\\\/zoldfas.hu\\\/#\\\/schema\\\/person\\\/267150d2e65a8ef1e4c679f526092f7c\"},\"headline\":\"ADVENTRE hangol\u00f3 lelkigyakorlat\",\"datePublished\":\"2025-11-05T09:50:52+00:00\",\"dateModified\":\"2025-11-06T08:26:08+00:00\",\"mainEntityOfPage\":{\"@id\":\"https:\\\/\\\/zoldfas.hu\\\/?p=1552\"},\"wordCount\":164,\"publisher\":{\"@id\":\"https:\\\/\\\/zoldfas.hu\\\/#organization\"},\"image\":{\"@id\":\"https:\\\/\\\/zoldfas.hu\\\/?p=1552#primaryimage\"},\"thumbnailUrl\":\"https:\\\/\\\/zoldfas.hu\\\/wp-content\\\/uploads\\\/2025\\\/11\\\/Adventre-hangolo-plakat.png\",\"articleSection\":[\"Uncategorized\"],\"inLanguage\":\"hu\"},{\"@type\":\"WebPage\",\"@id\":\"https:\\\/\\\/zoldfas.hu\\\/?p=1552\",\"url\":\"https:\\\/\\\/zoldfas.hu\\\/?p=1552\",\"name\":\"ADVENTRE hangol\u00f3 lelkigyakorlat - Z\u00f6ldf\u00e1s Lelkigyakorlatos H\u00e1z \u00e9s Ifj\u00fas\u00e1gi T\u00e1borhelysz\u00edn\",\"isPartOf\":{\"@id\":\"https:\\\/\\\/zoldfas.hu\\\/#website\"},\"primaryImageOfPage\":{\"@id\":\"https:\\\/\\\/zoldfas.hu\\\/?p=1552#primaryimage\"},\"image\":{\"@id\":\"https:\\\/\\\/zoldfas.hu\\\/?p=1552#primaryimage\"},\"thumbnailUrl\":\"https:\\\/\\\/zoldfas.hu\\\/wp-content\\\/uploads\\\/2025\\\/11\\\/Adventre-hangolo-plakat.png\",\"datePublished\":\"2025-11-05T09:50:52+00:00\",\"dateModified\":\"2025-11-06T08:26:08+00:00\",\"breadcrumb\":{\"@id\":\"https:\\\/\\\/zoldfas.hu\\\/?p=1552#breadcrumb\"},\"inLanguage\":\"hu\",\"potentialAction\":[{\"@type\":\"ReadAction\",\"target\":[\"https:\\\/\\\/zoldfas.hu\\\/?p=1552\"]}]},{\"@type\":\"ImageObject\",\"inLanguage\":\"hu\",\"@id\":\"https:\\\/\\\/zoldfas.hu\\\/?p=1552#primaryimage\",\"url\":\"https:\\\/\\\/zoldfas.hu\\\/wp-content\\\/uploads\\\/2025\\\/11\\\/Adventre-hangolo-plakat.png\",\"contentUrl\":\"https:\\\/\\\/zoldfas.hu\\\/wp-content\\\/uploads\\\/2025\\\/11\\\/Adventre-hangolo-plakat.png\",\"width\":940,\"height\":788},{\"@type\":\"BreadcrumbList\",\"@id\":\"https:\\\/\\\/zoldfas.hu\\\/?p=1552#breadcrumb\",\"itemListElement\":[{\"@type\":\"ListItem\",\"position\":1,\"name\":\"Kezd\u0151lap\",\"item\":\"https:\\\/\\\/zoldfas.hu\\\/\"},{\"@type\":\"ListItem\",\"position\":2,\"name\":\"ADVENTRE hangol\u00f3 lelkigyakorlat\"}]},{\"@type\":\"WebSite\",\"@id\":\"https:\\\/\\\/zoldfas.hu\\\/#website\",\"url\":\"https:\\\/\\\/zoldfas.hu\\\/\",\"name\":\"Z\u00f6ldf\u00e1s\",\"description\":\"Z\u00f6ldf\u00e1s Lelkigyakorlatos H\u00e1z \u00e9s Ifj\u00fas\u00e1gi T\u00e1borhelysz\u00edn\",\"publisher\":{\"@id\":\"https:\\\/\\\/zoldfas.hu\\\/#organization\"},\"potentialAction\":[{\"@type\":\"SearchAction\",\"target\":{\"@type\":\"EntryPoint\",\"urlTemplate\":\"https:\\\/\\\/zoldfas.hu\\\/?s={search_term_string}\"},\"query-input\":{\"@type\":\"PropertyValueSpecification\",\"valueRequired\":true,\"valueName\":\"search_term_string\"}}],\"inLanguage\":\"hu\"},{\"@type\":\"Organization\",\"@id\":\"https:\\\/\\\/zoldfas.hu\\\/#organization\",\"name\":\"SZEKI\",\"url\":\"https:\\\/\\\/zoldfas.hu\\\/\",\"logo\":{\"@type\":\"ImageObject\",\"inLanguage\":\"hu\",\"@id\":\"https:\\\/\\\/zoldfas.hu\\\/#\\\/schema\\\/logo\\\/image\\\/\",\"url\":\"https:\\\/\\\/zoldfas.hu\\\/wp-content\\\/uploads\\\/2024\\\/03\\\/kateklogo-2023_logo-1.png\",\"contentUrl\":\"https:\\\/\\\/zoldfas.hu\\\/wp-content\\\/uploads\\\/2024\\\/03\\\/kateklogo-2023_logo-1.png\",\"width\":591,\"height\":591,\"caption\":\"SZEKI\"},\"image\":{\"@id\":\"https:\\\/\\\/zoldfas.hu\\\/#\\\/schema\\\/logo\\\/image\\\/\"},\"sameAs\":[\"https:\\\/\\\/www.facebook.com\\\/zoldfas\"]},{\"@type\":\"Person\",\"@id\":\"https:\\\/\\\/zoldfas.hu\\\/#\\\/schema\\\/person\\\/267150d2e65a8ef1e4c679f526092f7c\",\"name\":\"admin\",\"sameAs\":[\"https:\\\/\\\/zoldfas.hu\"],\"url\":\"https:\\\/\\\/zoldfas.hu\\\/?author=1\"}]}<\/script>\n<!-- \/ Yoast SEO plugin. -->","yoast_head_json":{"title":"ADVENTRE hangol\u00f3 lelkigyakorlat - Z\u00f6ldf\u00e1s Lelkigyakorlatos H\u00e1z \u00e9s Ifj\u00fas\u00e1gi T\u00e1borhelysz\u00edn","robots":{"index":"index","follow":"follow","max-snippet":"max-snippet:-1","max-image-preview":"max-image-preview:large","max-video-preview":"max-video-preview:-1"},"canonical":"https:\/\/zoldfas.hu\/?p=1552","og_locale":"hu_HU","og_type":"article","og_title":"ADVENTRE hangol\u00f3 lelkigyakorlat - Z\u00f6ldf\u00e1s Lelkigyakorlatos H\u00e1z \u00e9s Ifj\u00fas\u00e1gi T\u00e1borhelysz\u00edn","og_description":"T\u00e9ma:\u00a0\u201el\u00e9lekben \u00e9s igazs\u00e1gban\u201d (Jn 4,23) H\u00e1romnapos bentlak\u00e1sos lelkigyakorlatra h\u00edvunk november 25-27. k\u00f6z\u00f6tt Domasz\u00e9kre, a Z\u00f6ldf\u00e1s Lelkigyakorlatos H\u00e1zba. A program sor\u00e1n elm\u00e9lked\u00e9sek, kiscsoportos megoszt\u00e1sok, interakt\u00edv foglalkoz\u00e1sok \u00e9s im\u00e1ds\u00e1g v\u00e1rja a r\u00e9sztvev\u0151ket. A lelkigyakorlatot Kardos Mih\u00e1ly atya fogja vezetni. Id\u0151pont:&nbsp;2025. november 25-27. Helysz\u00edn:&nbsp;Z\u00f6ldf\u00e1s Lelkigyakorlatos H\u00e1z Maximum 24 f\u0151 jelentkez\u00e9s\u00e9t tudjuk fogadni. R\u00e9szv\u00e9teli d\u00edj: 30.000 Ft \/ f\u0151&hellip; Read more","og_url":"https:\/\/zoldfas.hu\/?p=1552","og_site_name":"Z\u00f6ldf\u00e1s Lelkigyakorlatos H\u00e1z \u00e9s Ifj\u00fas\u00e1gi T\u00e1borhelysz\u00edn","article_publisher":"https:\/\/www.facebook.com\/zoldfas","article_published_time":"2025-11-05T09:50:52+00:00","article_modified_time":"2025-11-06T08:26:08+00:00","og_image":[{"width":940,"height":788,"url":"https:\/\/zoldfas.hu\/wp-content\/uploads\/2025\/11\/Adventre-hangolo-plakat.png","type":"image\/png"}],"author":"admin","twitter_card":"summary_large_image","twitter_misc":{"Szerz\u0151:":"admin","Becs\u00fclt olvas\u00e1si id\u0151":"1 perc"},"schema":{"@context":"https:\/\/schema.org","@graph":[{"@type":"Article","@id":"https:\/\/zoldfas.hu\/?p=1552#article","isPartOf":{"@id":"https:\/\/zoldfas.hu\/?p=1552"},"author":{"name":"admin","@id":"https:\/\/zoldfas.hu\/#\/schema\/person\/267150d2e65a8ef1e4c679f526092f7c"},"headline":"ADVENTRE hangol\u00f3 lelkigyakorlat","datePublished":"2025-11-05T09:50:52+00:00","dateModified":"2025-11-06T08:26:08+00:00","mainEntityOfPage":{"@id":"https:\/\/zoldfas.hu\/?p=1552"},"wordCount":164,"publisher":{"@id":"https:\/\/zoldfas.hu\/#organization"},"image":{"@id":"https:\/\/zoldfas.hu\/?p=1552#primaryimage"},"thumbnailUrl":"https:\/\/zoldfas.hu\/wp-content\/uploads\/2025\/11\/Adventre-hangolo-plakat.png","articleSection":["Uncategorized"],"inLanguage":"hu"},{"@type":"WebPage","@id":"https:\/\/zoldfas.hu\/?p=1552","url":"https:\/\/zoldfas.hu\/?p=1552","name":"ADVENTRE hangol\u00f3 lelkigyakorlat - Z\u00f6ldf\u00e1s Lelkigyakorlatos H\u00e1z \u00e9s Ifj\u00fas\u00e1gi T\u00e1borhelysz\u00edn","isPartOf":{"@id":"https:\/\/zoldfas.hu\/#website"},"primaryImageOfPage":{"@id":"https:\/\/zoldfas.hu\/?p=1552#primaryimage"},"image":{"@id":"https:\/\/zoldfas.hu\/?p=1552#primaryimage"},"thumbnailUrl":"https:\/\/zoldfas.hu\/wp-content\/uploads\/2025\/11\/Adventre-hangolo-plakat.png","datePublished":"2025-11-05T09:50:52+00:00","dateModified":"2025-11-06T08:26:08+00:00","breadcrumb":{"@id":"https:\/\/zoldfas.hu\/?p=1552#breadcrumb"},"inLanguage":"hu","potentialAction":[{"@type":"ReadAction","target":["https:\/\/zoldfas.hu\/?p=1552"]}]},{"@type":"ImageObject","inLanguage":"hu","@id":"https:\/\/zoldfas.hu\/?p=1552#primaryimage","url":"https:\/\/zoldfas.hu\/wp-content\/uploads\/2025\/11\/Adventre-hangolo-plakat.png","contentUrl":"https:\/\/zoldfas.hu\/wp-content\/uploads\/2025\/11\/Adventre-hangolo-plakat.png","width":940,"height":788},{"@type":"BreadcrumbList","@id":"https:\/\/zoldfas.hu\/?p=1552#breadcrumb","itemListElement":[{"@type":"ListItem","position":1,"name":"Kezd\u0151lap","item":"https:\/\/zoldfas.hu\/"},{"@type":"ListItem","position":2,"name":"ADVENTRE hangol\u00f3 lelkigyakorlat"}]},{"@type":"WebSite","@id":"https:\/\/zoldfas.hu\/#website","url":"https:\/\/zoldfas.hu\/","name":"Z\u00f6ldf\u00e1s","description":"Z\u00f6ldf\u00e1s Lelkigyakorlatos H\u00e1z \u00e9s Ifj\u00fas\u00e1gi T\u00e1borhelysz\u00edn","publisher":{"@id":"https:\/\/zoldfas.hu\/#organization"},"potentialAction":[{"@type":"SearchAction","target":{"@type":"EntryPoint","urlTemplate":"https:\/\/zoldfas.hu\/?s={search_term_string}"},"query-input":{"@type":"PropertyValueSpecification","valueRequired":true,"valueName":"search_term_string"}}],"inLanguage":"hu"},{"@type":"Organization","@id":"https:\/\/zoldfas.hu\/#organization","name":"SZEKI","url":"https:\/\/zoldfas.hu\/","logo":{"@type":"ImageObject","inLanguage":"hu","@id":"https:\/\/zoldfas.hu\/#\/schema\/logo\/image\/","url":"https:\/\/zoldfas.hu\/wp-content\/uploads\/2024\/03\/kateklogo-2023_logo-1.png","contentUrl":"https:\/\/zoldfas.hu\/wp-content\/uploads\/2024\/03\/kateklogo-2023_logo-1.png","width":591,"height":591,"caption":"SZEKI"},"image":{"@id":"https:\/\/zoldfas.hu\/#\/schema\/logo\/image\/"},"sameAs":["https:\/\/www.facebook.com\/zoldfas"]},{"@type":"Person","@id":"https:\/\/zoldfas.hu\/#\/schema\/person\/267150d2e65a8ef1e4c679f526092f7c","name":"admin","sameAs":["https:\/\/zoldfas.hu"],"url":"https:\/\/zoldfas.hu\/?author=1"}]}},"_links":{"self":[{"href":"https:\/\/zoldfas.hu\/index.php?rest_route=\/wp\/v2\/posts\/1552","targetHints":{"allow":["GET"]}}],"collection":[{"href":"https:\/\/zoldfas.hu\/index.php?rest_route=\/wp\/v2\/posts"}],"about":[{"href":"https:\/\/zoldfas.hu\/index.php?rest_route=\/wp\/v2\/types\/post"}],"author":[{"embeddable":true,"href":"https:\/\/zoldfas.hu\/index.php?rest_route=\/wp\/v2\/users\/1"}],"replies":[{"embeddable":true,"href":"https:\/\/zoldfas.hu\/index.php?rest_route=%2Fwp%2Fv2%2Fcomments&post=1552"}],"version-history":[{"count":6,"href":"https:\/\/zoldfas.hu\/index.php?rest_route=\/wp\/v2\/posts\/1552\/revisions"}],"predecessor-version":[{"id":1579,"href":"https:\/\/zoldfas.hu\/index.php?rest_route=\/wp\/v2\/posts\/1552\/revisions\/1579"}],"wp:featuredmedia":[{"embeddable":true,"href":"https:\/\/zoldfas.hu\/index.php?rest_route=\/wp\/v2\/media\/1553"}],"wp:attachment":[{"href":"https:\/\/zoldfas.hu\/index.php?rest_route=%2Fwp%2Fv2%2Fmedia&parent=1552"}],"wp:term":[{"taxonomy":"category","embeddable":true,"href":"https:\/\/zoldfas.hu\/index.php?rest_route=%2Fwp%2Fv2%2Fcategories&post=1552"},{"taxonomy":"post_tag","embeddable":true,"href":"https:\/\/zoldfas.hu\/index.php?rest_route=%2Fwp%2Fv2%2Ftags&post=1552"}],"curies":[{"name":"wp","href":"https:\/\/api.w.org\/{rel}","templated":true}]}}