{"id":939,"date":"2024-08-27T08:25:09","date_gmt":"2024-08-27T08:25:09","guid":{"rendered":"https:\/\/zoldfas.hu\/?p=939"},"modified":"2024-10-11T09:52:50","modified_gmt":"2024-10-11T09:52:50","slug":"mar-lehet-jelentkezni-az-oktoberi-lelkigyakorlatunkra","status":"publish","type":"post","link":"https:\/\/zoldfas.hu\/?p=939","title":{"rendered":"Okt\u00f3beri csendes lelkigyakorlat 2024"},"content":{"rendered":"\t\t<div data-elementor-type=\"wp-post\" data-elementor-id=\"939\" class=\"elementor elementor-939\">\n\t\t\t\t<div class=\"elementor-element elementor-element-442bf309 e-flex e-con-boxed e-con e-parent\" data-id=\"442bf309\" data-element_type=\"container\" data-e-type=\"container\">\n\t\t\t\t\t<div class=\"e-con-inner\">\n\t\t\t\t<div class=\"elementor-element elementor-element-28da4e2 elementor-widget elementor-widget-text-editor\" data-id=\"28da4e2\" data-element_type=\"widget\" data-e-type=\"widget\" data-widget_type=\"text-editor.default\">\n\t\t\t\t<div class=\"elementor-widget-container\">\n\t\t\t\t\t\t\t\t\t\n<p><strong>&#8222;Uram, tan\u00edts meg minket im\u00e1dkozni&#8230;&#8221; (Lk11,1)<\/strong><\/p>\n\n<p class=\"has-text-align-left\" style=\"text-align: justify;\">\u00d6r\u00f6mmel hirdetj\u00fck, hogy 2024.10.25-27 id\u0151szakban ker\u00fcl megrendez\u00e9sre els\u0151 \u0151szi, 3 napos lelkigyakorlatunk. Kis l\u00e9tsz\u00e1m\u00fa (12 f\u0151), Ver\u00e9b L\u00e1szl\u00f3 atya (Szent Gell\u00e9rt szemin\u00e1rium spiritu\u00e1lisa) \u00e9s Czak\u00f3 \u00c1gnes n\u0151v\u00e9r (Seg\u00edt\u0151 N\u0151v\u00e9rek Kongreg\u00e1ci\u00f3ja) \u00e1ltal vezetett lelkigyakorlatot szeretn\u00e9nk mindenki figyelm\u00e9be aj\u00e1nlani. Ezekben a napokban, az apostolokhoz hasonl\u00f3an, J\u00e9zus seg\u00edts\u00e9g\u00e9vel megtanulhatunk im\u00e1dkozni \u00e9s Isten k\u00f6zels\u00e9g\u00e9t k\u00fcl\u00f6nb\u00f6z\u0151 m\u00f3don megtapasztalni. A szem\u00e9lyesen k\u00eds\u00e9rt, p\u00e9ntek vacsor\u00e1val kezd\u0151d\u0151 \u00e9s vas\u00e1rnap eb\u00e9ddel z\u00e1rul\u00f3 lelkigyakorlat teljes visszavonults\u00e1gban (silentiumban) \u00e9s bentlak\u00e1sos form\u00e1ban t\u00f6rt\u00e9nik.<\/p>\n\n<p>A r\u00e9szv\u00e9teli d\u00edj (25.000 Ft \/ f\u0151 \/ 2 \u00e9j) tartalmazza a lelkigyakorlaton val\u00f3 r\u00e9szv\u00e9telt, a sz\u00e1ll\u00e1st 2 \u00e9jszak\u00e1ra egy szem\u00e9lyes elhelyez\u00e9sben, \u00e1gynem\u0171haszn\u00e1latot \u00e9s a napi h\u00e1romszori \u00e9tkez\u00e9st.<\/p>\n\n<p>\u00c9rdekl\u0151dni \u00e9s jelentkezni az al\u00e1bbi el\u00e9rhet\u0151s\u00e9geken lehets\u00e9ges:<\/p>\n\n<ul class=\"wp-block-list\">\n<li>info@zoldfas.hu<\/li>\n\n<li>+36-20\/341-8334<\/li>\n<\/ul>\n\n<p>\u00a0<\/p>\n\t\t\t\t\t\t\t\t<\/div>\n\t\t\t\t<\/div>\n\t\t\t\t\t<\/div>\n\t\t\t\t<\/div>\n\t\t<div class=\"elementor-element elementor-element-fc4f3d9 e-flex e-con-boxed e-con e-parent\" data-id=\"fc4f3d9\" data-element_type=\"container\" data-e-type=\"container\">\n\t\t\t\t\t<div class=\"e-con-inner\">\n\t\t\t\t\t<\/div>\n\t\t\t\t<\/div>\n\t\t<div class=\"elementor-element elementor-element-a215ebb e-flex e-con-boxed e-con e-parent\" data-id=\"a215ebb\" data-element_type=\"container\" data-e-type=\"container\">\n\t\t\t\t\t<div class=\"e-con-inner\">\n\t\t\t\t\t<\/div>\n\t\t\t\t<\/div>\n\t\t<div class=\"elementor-element elementor-element-eeec775 e-flex e-con-boxed e-con e-parent\" data-id=\"eeec775\" data-element_type=\"container\" data-e-type=\"container\">\n\t\t\t\t\t<div class=\"e-con-inner\">\n\t\t\t\t\t<\/div>\n\t\t\t\t<\/div>\n\t\t\t\t<\/div>\n\t\t","protected":false},"excerpt":{"rendered":"<p>&#8222;Uram, tan\u00edts meg minket im\u00e1dkozni&#8230;&#8221; (Lk11,1) \u00d6r\u00f6mmel hirdetj\u00fck, hogy 2024.10.25-27 id\u0151szakban ker\u00fcl megrendez\u00e9sre els\u0151 \u0151szi, 3 napos lelkigyakorlatunk. Kis l\u00e9tsz\u00e1m\u00fa (12 f\u0151), Ver\u00e9b L\u00e1szl\u00f3 atya (Szent Gell\u00e9rt szemin\u00e1rium spiritu\u00e1lisa) \u00e9s Czak\u00f3 \u00c1gnes n\u0151v\u00e9r (Seg\u00edt\u0151 N\u0151v\u00e9rek Kongreg\u00e1ci\u00f3ja) \u00e1ltal vezetett lelkigyakorlatot szeretn\u00e9nk mindenki figyelm\u00e9be aj\u00e1nlani. Ezekben a napokban, az apostolokhoz hasonl\u00f3an, J\u00e9zus seg\u00edts\u00e9g\u00e9vel megtanulhatunk im\u00e1dkozni \u00e9s Isten&hellip; <br \/> <a class=\"read-more\" href=\"https:\/\/zoldfas.hu\/?p=939\">Read more<\/a><\/p>\n","protected":false},"author":1,"featured_media":973,"comment_status":"closed","ping_status":"closed","sticky":false,"template":"","format":"standard","meta":{"ngg_post_thumbnail":0,"footnotes":""},"categories":[1],"tags":[3],"class_list":["post-939","post","type-post","status-publish","format-standard","has-post-thumbnail","hentry","category-uncategorized","tag-lelkigyakorlat"],"yoast_head":"<!-- This site is optimized with the Yoast SEO plugin v27.5 - https:\/\/yoast.com\/product\/yoast-seo-wordpress\/ -->\n<title>Okt\u00f3beri csendes lelkigyakorlat 2024 - Z\u00f6ldf\u00e1s Lelkigyakorlatos H\u00e1z \u00e9s Ifj\u00fas\u00e1gi T\u00e1borhelysz\u00edn<\/title>\n<meta name=\"robots\" content=\"index, follow, max-snippet:-1, max-image-preview:large, max-video-preview:-1\" \/>\n<link rel=\"canonical\" href=\"https:\/\/zoldfas.hu\/?p=939\" \/>\n<meta property=\"og:locale\" content=\"hu_HU\" \/>\n<meta property=\"og:type\" content=\"article\" \/>\n<meta property=\"og:title\" content=\"Okt\u00f3beri csendes lelkigyakorlat 2024 - Z\u00f6ldf\u00e1s Lelkigyakorlatos H\u00e1z \u00e9s Ifj\u00fas\u00e1gi T\u00e1borhelysz\u00edn\" \/>\n<meta property=\"og:description\" content=\"&#8222;Uram, tan\u00edts meg minket im\u00e1dkozni&#8230;&#8221; (Lk11,1) \u00d6r\u00f6mmel hirdetj\u00fck, hogy 2024.10.25-27 id\u0151szakban ker\u00fcl megrendez\u00e9sre els\u0151 \u0151szi, 3 napos lelkigyakorlatunk. Kis l\u00e9tsz\u00e1m\u00fa (12 f\u0151), Ver\u00e9b L\u00e1szl\u00f3 atya (Szent Gell\u00e9rt szemin\u00e1rium spiritu\u00e1lisa) \u00e9s Czak\u00f3 \u00c1gnes n\u0151v\u00e9r (Seg\u00edt\u0151 N\u0151v\u00e9rek Kongreg\u00e1ci\u00f3ja) \u00e1ltal vezetett lelkigyakorlatot szeretn\u00e9nk mindenki figyelm\u00e9be aj\u00e1nlani. Ezekben a napokban, az apostolokhoz hasonl\u00f3an, J\u00e9zus seg\u00edts\u00e9g\u00e9vel megtanulhatunk im\u00e1dkozni \u00e9s Isten&hellip; Read more\" \/>\n<meta property=\"og:url\" content=\"https:\/\/zoldfas.hu\/?p=939\" \/>\n<meta property=\"og:site_name\" content=\"Z\u00f6ldf\u00e1s Lelkigyakorlatos H\u00e1z \u00e9s Ifj\u00fas\u00e1gi T\u00e1borhelysz\u00edn\" \/>\n<meta property=\"article:publisher\" content=\"https:\/\/www.facebook.com\/zoldfas\" \/>\n<meta property=\"article:published_time\" content=\"2024-08-27T08:25:09+00:00\" \/>\n<meta property=\"article:modified_time\" content=\"2024-10-11T09:52:50+00:00\" \/>\n<meta property=\"og:image\" content=\"https:\/\/zoldfas.hu\/wp-content\/uploads\/2024\/08\/Oszi-lelkigyakorlat-Zoldfas.png\" \/>\n\t<meta property=\"og:image:width\" content=\"1587\" \/>\n\t<meta property=\"og:image:height\" content=\"2245\" \/>\n\t<meta property=\"og:image:type\" content=\"image\/png\" \/>\n<meta name=\"author\" content=\"admin\" \/>\n<meta name=\"twitter:card\" content=\"summary_large_image\" \/>\n<meta name=\"twitter:label1\" content=\"Szerz\u0151:\" \/>\n\t<meta name=\"twitter:data1\" content=\"admin\" \/>\n\t<meta name=\"twitter:label2\" content=\"Becs\u00fclt olvas\u00e1si id\u0151\" \/>\n\t<meta name=\"twitter:data2\" content=\"1 perc\" \/>\n<script type=\"application\/ld+json\" class=\"yoast-schema-graph\">{\"@context\":\"https:\\\/\\\/schema.org\",\"@graph\":[{\"@type\":\"Article\",\"@id\":\"https:\\\/\\\/zoldfas.hu\\\/?p=939#article\",\"isPartOf\":{\"@id\":\"https:\\\/\\\/zoldfas.hu\\\/?p=939\"},\"author\":{\"name\":\"admin\",\"@id\":\"https:\\\/\\\/zoldfas.hu\\\/#\\\/schema\\\/person\\\/267150d2e65a8ef1e4c679f526092f7c\"},\"headline\":\"Okt\u00f3beri csendes lelkigyakorlat 2024\",\"datePublished\":\"2024-08-27T08:25:09+00:00\",\"dateModified\":\"2024-10-11T09:52:50+00:00\",\"mainEntityOfPage\":{\"@id\":\"https:\\\/\\\/zoldfas.hu\\\/?p=939\"},\"wordCount\":185,\"publisher\":{\"@id\":\"https:\\\/\\\/zoldfas.hu\\\/#organization\"},\"image\":{\"@id\":\"https:\\\/\\\/zoldfas.hu\\\/?p=939#primaryimage\"},\"thumbnailUrl\":\"https:\\\/\\\/zoldfas.hu\\\/wp-content\\\/uploads\\\/2024\\\/08\\\/Oszi-lelkigyakorlat-Zoldfas.png\",\"keywords\":[\"lelkigyakorlat\"],\"articleSection\":[\"Uncategorized\"],\"inLanguage\":\"hu\"},{\"@type\":\"WebPage\",\"@id\":\"https:\\\/\\\/zoldfas.hu\\\/?p=939\",\"url\":\"https:\\\/\\\/zoldfas.hu\\\/?p=939\",\"name\":\"Okt\u00f3beri csendes lelkigyakorlat 2024 - Z\u00f6ldf\u00e1s Lelkigyakorlatos H\u00e1z \u00e9s Ifj\u00fas\u00e1gi T\u00e1borhelysz\u00edn\",\"isPartOf\":{\"@id\":\"https:\\\/\\\/zoldfas.hu\\\/#website\"},\"primaryImageOfPage\":{\"@id\":\"https:\\\/\\\/zoldfas.hu\\\/?p=939#primaryimage\"},\"image\":{\"@id\":\"https:\\\/\\\/zoldfas.hu\\\/?p=939#primaryimage\"},\"thumbnailUrl\":\"https:\\\/\\\/zoldfas.hu\\\/wp-content\\\/uploads\\\/2024\\\/08\\\/Oszi-lelkigyakorlat-Zoldfas.png\",\"datePublished\":\"2024-08-27T08:25:09+00:00\",\"dateModified\":\"2024-10-11T09:52:50+00:00\",\"breadcrumb\":{\"@id\":\"https:\\\/\\\/zoldfas.hu\\\/?p=939#breadcrumb\"},\"inLanguage\":\"hu\",\"potentialAction\":[{\"@type\":\"ReadAction\",\"target\":[\"https:\\\/\\\/zoldfas.hu\\\/?p=939\"]}]},{\"@type\":\"ImageObject\",\"inLanguage\":\"hu\",\"@id\":\"https:\\\/\\\/zoldfas.hu\\\/?p=939#primaryimage\",\"url\":\"https:\\\/\\\/zoldfas.hu\\\/wp-content\\\/uploads\\\/2024\\\/08\\\/Oszi-lelkigyakorlat-Zoldfas.png\",\"contentUrl\":\"https:\\\/\\\/zoldfas.hu\\\/wp-content\\\/uploads\\\/2024\\\/08\\\/Oszi-lelkigyakorlat-Zoldfas.png\",\"width\":1587,\"height\":2245},{\"@type\":\"BreadcrumbList\",\"@id\":\"https:\\\/\\\/zoldfas.hu\\\/?p=939#breadcrumb\",\"itemListElement\":[{\"@type\":\"ListItem\",\"position\":1,\"name\":\"Kezd\u0151lap\",\"item\":\"https:\\\/\\\/zoldfas.hu\\\/\"},{\"@type\":\"ListItem\",\"position\":2,\"name\":\"Okt\u00f3beri csendes lelkigyakorlat 2024\"}]},{\"@type\":\"WebSite\",\"@id\":\"https:\\\/\\\/zoldfas.hu\\\/#website\",\"url\":\"https:\\\/\\\/zoldfas.hu\\\/\",\"name\":\"Z\u00f6ldf\u00e1s\",\"description\":\"Z\u00f6ldf\u00e1s Lelkigyakorlatos H\u00e1z \u00e9s Ifj\u00fas\u00e1gi T\u00e1borhelysz\u00edn\",\"publisher\":{\"@id\":\"https:\\\/\\\/zoldfas.hu\\\/#organization\"},\"potentialAction\":[{\"@type\":\"SearchAction\",\"target\":{\"@type\":\"EntryPoint\",\"urlTemplate\":\"https:\\\/\\\/zoldfas.hu\\\/?s={search_term_string}\"},\"query-input\":{\"@type\":\"PropertyValueSpecification\",\"valueRequired\":true,\"valueName\":\"search_term_string\"}}],\"inLanguage\":\"hu\"},{\"@type\":\"Organization\",\"@id\":\"https:\\\/\\\/zoldfas.hu\\\/#organization\",\"name\":\"SZEKI\",\"url\":\"https:\\\/\\\/zoldfas.hu\\\/\",\"logo\":{\"@type\":\"ImageObject\",\"inLanguage\":\"hu\",\"@id\":\"https:\\\/\\\/zoldfas.hu\\\/#\\\/schema\\\/logo\\\/image\\\/\",\"url\":\"https:\\\/\\\/zoldfas.hu\\\/wp-content\\\/uploads\\\/2024\\\/03\\\/kateklogo-2023_logo-1.png\",\"contentUrl\":\"https:\\\/\\\/zoldfas.hu\\\/wp-content\\\/uploads\\\/2024\\\/03\\\/kateklogo-2023_logo-1.png\",\"width\":591,\"height\":591,\"caption\":\"SZEKI\"},\"image\":{\"@id\":\"https:\\\/\\\/zoldfas.hu\\\/#\\\/schema\\\/logo\\\/image\\\/\"},\"sameAs\":[\"https:\\\/\\\/www.facebook.com\\\/zoldfas\"]},{\"@type\":\"Person\",\"@id\":\"https:\\\/\\\/zoldfas.hu\\\/#\\\/schema\\\/person\\\/267150d2e65a8ef1e4c679f526092f7c\",\"name\":\"admin\",\"sameAs\":[\"https:\\\/\\\/zoldfas.hu\"],\"url\":\"https:\\\/\\\/zoldfas.hu\\\/?author=1\"}]}<\/script>\n<!-- \/ Yoast SEO plugin. -->","yoast_head_json":{"title":"Okt\u00f3beri csendes lelkigyakorlat 2024 - Z\u00f6ldf\u00e1s Lelkigyakorlatos H\u00e1z \u00e9s Ifj\u00fas\u00e1gi T\u00e1borhelysz\u00edn","robots":{"index":"index","follow":"follow","max-snippet":"max-snippet:-1","max-image-preview":"max-image-preview:large","max-video-preview":"max-video-preview:-1"},"canonical":"https:\/\/zoldfas.hu\/?p=939","og_locale":"hu_HU","og_type":"article","og_title":"Okt\u00f3beri csendes lelkigyakorlat 2024 - Z\u00f6ldf\u00e1s Lelkigyakorlatos H\u00e1z \u00e9s Ifj\u00fas\u00e1gi T\u00e1borhelysz\u00edn","og_description":"&#8222;Uram, tan\u00edts meg minket im\u00e1dkozni&#8230;&#8221; (Lk11,1) \u00d6r\u00f6mmel hirdetj\u00fck, hogy 2024.10.25-27 id\u0151szakban ker\u00fcl megrendez\u00e9sre els\u0151 \u0151szi, 3 napos lelkigyakorlatunk. Kis l\u00e9tsz\u00e1m\u00fa (12 f\u0151), Ver\u00e9b L\u00e1szl\u00f3 atya (Szent Gell\u00e9rt szemin\u00e1rium spiritu\u00e1lisa) \u00e9s Czak\u00f3 \u00c1gnes n\u0151v\u00e9r (Seg\u00edt\u0151 N\u0151v\u00e9rek Kongreg\u00e1ci\u00f3ja) \u00e1ltal vezetett lelkigyakorlatot szeretn\u00e9nk mindenki figyelm\u00e9be aj\u00e1nlani. Ezekben a napokban, az apostolokhoz hasonl\u00f3an, J\u00e9zus seg\u00edts\u00e9g\u00e9vel megtanulhatunk im\u00e1dkozni \u00e9s Isten&hellip; Read more","og_url":"https:\/\/zoldfas.hu\/?p=939","og_site_name":"Z\u00f6ldf\u00e1s Lelkigyakorlatos H\u00e1z \u00e9s Ifj\u00fas\u00e1gi T\u00e1borhelysz\u00edn","article_publisher":"https:\/\/www.facebook.com\/zoldfas","article_published_time":"2024-08-27T08:25:09+00:00","article_modified_time":"2024-10-11T09:52:50+00:00","og_image":[{"width":1587,"height":2245,"url":"https:\/\/zoldfas.hu\/wp-content\/uploads\/2024\/08\/Oszi-lelkigyakorlat-Zoldfas.png","type":"image\/png"}],"author":"admin","twitter_card":"summary_large_image","twitter_misc":{"Szerz\u0151:":"admin","Becs\u00fclt olvas\u00e1si id\u0151":"1 perc"},"schema":{"@context":"https:\/\/schema.org","@graph":[{"@type":"Article","@id":"https:\/\/zoldfas.hu\/?p=939#article","isPartOf":{"@id":"https:\/\/zoldfas.hu\/?p=939"},"author":{"name":"admin","@id":"https:\/\/zoldfas.hu\/#\/schema\/person\/267150d2e65a8ef1e4c679f526092f7c"},"headline":"Okt\u00f3beri csendes lelkigyakorlat 2024","datePublished":"2024-08-27T08:25:09+00:00","dateModified":"2024-10-11T09:52:50+00:00","mainEntityOfPage":{"@id":"https:\/\/zoldfas.hu\/?p=939"},"wordCount":185,"publisher":{"@id":"https:\/\/zoldfas.hu\/#organization"},"image":{"@id":"https:\/\/zoldfas.hu\/?p=939#primaryimage"},"thumbnailUrl":"https:\/\/zoldfas.hu\/wp-content\/uploads\/2024\/08\/Oszi-lelkigyakorlat-Zoldfas.png","keywords":["lelkigyakorlat"],"articleSection":["Uncategorized"],"inLanguage":"hu"},{"@type":"WebPage","@id":"https:\/\/zoldfas.hu\/?p=939","url":"https:\/\/zoldfas.hu\/?p=939","name":"Okt\u00f3beri csendes lelkigyakorlat 2024 - Z\u00f6ldf\u00e1s Lelkigyakorlatos H\u00e1z \u00e9s Ifj\u00fas\u00e1gi T\u00e1borhelysz\u00edn","isPartOf":{"@id":"https:\/\/zoldfas.hu\/#website"},"primaryImageOfPage":{"@id":"https:\/\/zoldfas.hu\/?p=939#primaryimage"},"image":{"@id":"https:\/\/zoldfas.hu\/?p=939#primaryimage"},"thumbnailUrl":"https:\/\/zoldfas.hu\/wp-content\/uploads\/2024\/08\/Oszi-lelkigyakorlat-Zoldfas.png","datePublished":"2024-08-27T08:25:09+00:00","dateModified":"2024-10-11T09:52:50+00:00","breadcrumb":{"@id":"https:\/\/zoldfas.hu\/?p=939#breadcrumb"},"inLanguage":"hu","potentialAction":[{"@type":"ReadAction","target":["https:\/\/zoldfas.hu\/?p=939"]}]},{"@type":"ImageObject","inLanguage":"hu","@id":"https:\/\/zoldfas.hu\/?p=939#primaryimage","url":"https:\/\/zoldfas.hu\/wp-content\/uploads\/2024\/08\/Oszi-lelkigyakorlat-Zoldfas.png","contentUrl":"https:\/\/zoldfas.hu\/wp-content\/uploads\/2024\/08\/Oszi-lelkigyakorlat-Zoldfas.png","width":1587,"height":2245},{"@type":"BreadcrumbList","@id":"https:\/\/zoldfas.hu\/?p=939#breadcrumb","itemListElement":[{"@type":"ListItem","position":1,"name":"Kezd\u0151lap","item":"https:\/\/zoldfas.hu\/"},{"@type":"ListItem","position":2,"name":"Okt\u00f3beri csendes lelkigyakorlat 2024"}]},{"@type":"WebSite","@id":"https:\/\/zoldfas.hu\/#website","url":"https:\/\/zoldfas.hu\/","name":"Z\u00f6ldf\u00e1s","description":"Z\u00f6ldf\u00e1s Lelkigyakorlatos H\u00e1z \u00e9s Ifj\u00fas\u00e1gi T\u00e1borhelysz\u00edn","publisher":{"@id":"https:\/\/zoldfas.hu\/#organization"},"potentialAction":[{"@type":"SearchAction","target":{"@type":"EntryPoint","urlTemplate":"https:\/\/zoldfas.hu\/?s={search_term_string}"},"query-input":{"@type":"PropertyValueSpecification","valueRequired":true,"valueName":"search_term_string"}}],"inLanguage":"hu"},{"@type":"Organization","@id":"https:\/\/zoldfas.hu\/#organization","name":"SZEKI","url":"https:\/\/zoldfas.hu\/","logo":{"@type":"ImageObject","inLanguage":"hu","@id":"https:\/\/zoldfas.hu\/#\/schema\/logo\/image\/","url":"https:\/\/zoldfas.hu\/wp-content\/uploads\/2024\/03\/kateklogo-2023_logo-1.png","contentUrl":"https:\/\/zoldfas.hu\/wp-content\/uploads\/2024\/03\/kateklogo-2023_logo-1.png","width":591,"height":591,"caption":"SZEKI"},"image":{"@id":"https:\/\/zoldfas.hu\/#\/schema\/logo\/image\/"},"sameAs":["https:\/\/www.facebook.com\/zoldfas"]},{"@type":"Person","@id":"https:\/\/zoldfas.hu\/#\/schema\/person\/267150d2e65a8ef1e4c679f526092f7c","name":"admin","sameAs":["https:\/\/zoldfas.hu"],"url":"https:\/\/zoldfas.hu\/?author=1"}]}},"_links":{"self":[{"href":"https:\/\/zoldfas.hu\/index.php?rest_route=\/wp\/v2\/posts\/939","targetHints":{"allow":["GET"]}}],"collection":[{"href":"https:\/\/zoldfas.hu\/index.php?rest_route=\/wp\/v2\/posts"}],"about":[{"href":"https:\/\/zoldfas.hu\/index.php?rest_route=\/wp\/v2\/types\/post"}],"author":[{"embeddable":true,"href":"https:\/\/zoldfas.hu\/index.php?rest_route=\/wp\/v2\/users\/1"}],"replies":[{"embeddable":true,"href":"https:\/\/zoldfas.hu\/index.php?rest_route=%2Fwp%2Fv2%2Fcomments&post=939"}],"version-history":[{"count":16,"href":"https:\/\/zoldfas.hu\/index.php?rest_route=\/wp\/v2\/posts\/939\/revisions"}],"predecessor-version":[{"id":1045,"href":"https:\/\/zoldfas.hu\/index.php?rest_route=\/wp\/v2\/posts\/939\/revisions\/1045"}],"wp:featuredmedia":[{"embeddable":true,"href":"https:\/\/zoldfas.hu\/index.php?rest_route=\/wp\/v2\/media\/973"}],"wp:attachment":[{"href":"https:\/\/zoldfas.hu\/index.php?rest_route=%2Fwp%2Fv2%2Fmedia&parent=939"}],"wp:term":[{"taxonomy":"category","embeddable":true,"href":"https:\/\/zoldfas.hu\/index.php?rest_route=%2Fwp%2Fv2%2Fcategories&post=939"},{"taxonomy":"post_tag","embeddable":true,"href":"https:\/\/zoldfas.hu\/index.php?rest_route=%2Fwp%2Fv2%2Ftags&post=939"}],"curies":[{"name":"wp","href":"https:\/\/api.w.org\/{rel}","templated":true}]}}